{"id":970,"date":"2016-11-22T22:03:21","date_gmt":"2016-11-22T21:03:21","guid":{"rendered":"http:\/\/beynesentransition.fr\/?p=970"},"modified":"2021-02-02T22:17:54","modified_gmt":"2021-02-02T21:17:54","slug":"lancement-du-defi-familles-a-energie-positive-cinquieme-edition","status":"publish","type":"post","link":"http:\/\/beynesentransition.fr\/?p=970","title":{"rendered":"Lancement du d\u00e9fi \u00ab\u00a0Familles \u00e0 \u00e9nergie positive\u00a0\u00bb, cinqui\u00e8me \u00e9dition."},"content":{"rendered":"<p>A l&rsquo;occasion du lancement d\u00e9fi Familles \u00e0 Energie Positive, Energies Solidaires, a organis\u00e9 une soir\u00e9e vendredi 18 novembre&nbsp;\u00e0 la Fabrique 21 (Carri\u00e8res-sous-Poissy).<\/p>\n<p>Lors de la soir\u00e9e, les conseillers INFO-ENERGIE, ont pu pr\u00e9senter aux 60 personnes pr\u00e9sentes les objectifs du d\u00e9fi et les trucs &amp; astuces \u00e0 conna\u00eetre pour r\u00e9duire les factures&nbsp;d\u2019\u00e9nergie.<\/p>\n<p>Plus de 10 \u00e9quipes, soit pr\u00e8s de soixante-dix familles, sont form\u00e9es, r\u00e9parties sur l\u2019ensemble du territoire nord Yvelinois, de Poissy \u00e0 Mantes, en passant par Les Mureaux.<\/p>\n<p>Beynes en Transition aura deux \u00e9quipes engag\u00e9es cette ann\u00e9e. Le d\u00e9fi commence le 1er d\u00e9cembre par les premiers relev\u00e9s de consommation.<\/p>\n<p>Les \u00e9quipes peuvent \u00eatre compl\u00e9t\u00e9es par une simple inscription sur le site d&rsquo;Energies Solidaires.<\/p>\n<p>Beynes en Transition accompagne et conseille les familles de Beynes et de ses environs inscrites au d\u00e9fi.<\/p>\n<p>http:\/\/nord.yvelines.familles-a-energie-positive.fr\/<\/p>\n<p>L\u2019association \u00ab&nbsp;Odyss\u00e9e pour la Terre&nbsp;\u00bb a propos\u00e9 aux enfants pr\u00e9sents un atelier sur la gestion et notre rapport aux d\u00e9chets, tr\u00e8s appr\u00e9ci\u00e9 du jeune public.<\/p>\n<p><strong>Calendrier des principaux \u00e9v\u00e9nements&nbsp;du d\u00e9fi FAEP:<\/strong><\/p>\n<p><strong>Samedi 3 d\u00e9cembre&nbsp;: matin\u00e9e de formation des capitaines de chaque \u00e9quipe.<\/strong><\/p>\n<p><strong>Samedi 28 janvier&nbsp;: bilan interm\u00e9diaire.<\/strong><\/p>\n<p><strong>Vendredi 19 mai&nbsp;: soir\u00e9e de cl\u00f4ture du d\u00e9fi, d\u00e9couverte des r\u00e9sultats.<\/strong><\/p>\n<p><em>&nbsp;<\/em><\/p>\n<p>&nbsp;<\/p>\n<p>&nbsp;<\/p>\n<p><a href=\"http:\/\/beynesentransition.fr\/wp-content\/uploads\/2016\/11\/20161118_195810_br.jpg\"><img loading=\"lazy\" decoding=\"async\" class=\" wp-image-971 aligncenter\" src=\"http:\/\/beynesentransition.fr\/wp-content\/uploads\/2016\/11\/20161118_195810_br-300x169.jpg\" alt=\"20161118_195810_br\" width=\"463\" height=\"261\" srcset=\"http:\/\/beynesentransition.fr\/wp-content\/uploads\/2016\/11\/20161118_195810_br-300x169.jpg 300w, http:\/\/beynesentransition.fr\/wp-content\/uploads\/2016\/11\/20161118_195810_br-768x432.jpg 768w, http:\/\/beynesentransition.fr\/wp-content\/uploads\/2016\/11\/20161118_195810_br-250x141.jpg 250w, http:\/\/beynesentransition.fr\/wp-content\/uploads\/2016\/11\/20161118_195810_br-150x84.jpg 150w, http:\/\/beynesentransition.fr\/wp-content\/uploads\/2016\/11\/20161118_195810_br.jpg 816w\" sizes=\"auto, (max-width: 463px) 100vw, 463px\" \/><\/a><\/p>\n","protected":false},"excerpt":{"rendered":"<p>A l&rsquo;occasion du lancement d\u00e9fi Familles \u00e0 Energie Positive, Energies Solidaires, a organis\u00e9 une soir\u00e9e vendredi 18 novembre&nbsp;\u00e0 la Fabrique 21 (Carri\u00e8res-sous-Poissy). Lors de la soir\u00e9e, les conseillers INFO-ENERGIE, ont pu pr\u00e9senter aux 60 personnes pr\u00e9sentes les objectifs du d\u00e9fi et les trucs &amp; astuces \u00e0 conna\u00eetre pour r\u00e9duire les factures&nbsp;d\u2019\u00e9nergie. Plus de 10 \u00e9quipes,&hellip;&nbsp;<a href=\"http:\/\/beynesentransition.fr\/?p=970\" rel=\"bookmark\">Lire la suite &raquo;<span class=\"screen-reader-text\">Lancement du d\u00e9fi \u00ab\u00a0Familles \u00e0 \u00e9nergie positive\u00a0\u00bb, cinqui\u00e8me \u00e9dition.<\/span><\/a><\/p>\n","protected":false},"author":4,"featured_media":0,"comment_status":"open","ping_status":"closed","sticky":false,"template":"","format":"standard","meta":{"neve_meta_sidebar":"","neve_meta_container":"","neve_meta_enable_content_width":"","neve_meta_content_width":0,"neve_meta_title_alignment":"","neve_meta_author_avatar":"","neve_post_elements_order":"","neve_meta_disable_header":"","neve_meta_disable_footer":"","neve_meta_disable_title":"","footnotes":""},"categories":[1],"tags":[],"class_list":["post-970","post","type-post","status-publish","format-standard","hentry","category-uncategorized"],"_links":{"self":[{"href":"http:\/\/beynesentransition.fr\/index.php?rest_route=\/wp\/v2\/posts\/970","targetHints":{"allow":["GET"]}}],"collection":[{"href":"http:\/\/beynesentransition.fr\/index.php?rest_route=\/wp\/v2\/posts"}],"about":[{"href":"http:\/\/beynesentransition.fr\/index.php?rest_route=\/wp\/v2\/types\/post"}],"author":[{"embeddable":true,"href":"http:\/\/beynesentransition.fr\/index.php?rest_route=\/wp\/v2\/users\/4"}],"replies":[{"embeddable":true,"href":"http:\/\/beynesentransition.fr\/index.php?rest_route=%2Fwp%2Fv2%2Fcomments&post=970"}],"version-history":[{"count":4,"href":"http:\/\/beynesentransition.fr\/index.php?rest_route=\/wp\/v2\/posts\/970\/revisions"}],"predecessor-version":[{"id":1777,"href":"http:\/\/beynesentransition.fr\/index.php?rest_route=\/wp\/v2\/posts\/970\/revisions\/1777"}],"wp:attachment":[{"href":"http:\/\/beynesentransition.fr\/index.php?rest_route=%2Fwp%2Fv2%2Fmedia&parent=970"}],"wp:term":[{"taxonomy":"category","embeddable":true,"href":"http:\/\/beynesentransition.fr\/index.php?rest_route=%2Fwp%2Fv2%2Fcategories&post=970"},{"taxonomy":"post_tag","embeddable":true,"href":"http:\/\/beynesentransition.fr\/index.php?rest_route=%2Fwp%2Fv2%2Ftags&post=970"}],"curies":[{"name":"wp","href":"https:\/\/api.w.org\/{rel}","templated":true}]}}