{"id":909,"date":"2016-04-08T23:38:02","date_gmt":"2016-04-08T21:38:02","guid":{"rendered":"http:\/\/beynesentransition.fr\/?p=909"},"modified":"2017-02-16T14:57:23","modified_gmt":"2017-02-16T13:57:23","slug":"le-grand-jour-pour-pouces-dyvelines","status":"publish","type":"post","link":"http:\/\/beynesentransition.fr\/?p=909","title":{"rendered":"Le grand jour pour Pouces d&rsquo;Yvelines"},"content":{"rendered":"<p><img loading=\"lazy\" decoding=\"async\" class=\"size-medium wp-image-911 alignleft\" src=\"http:\/\/beynesentransition.fr\/wp-content\/uploads\/2016\/04\/2.-AFFICHES-A4_sans-bord-perdu-212x300.jpg\" alt=\"2. AFFICHES A4_sans bord perdu\" width=\"212\" height=\"300\" srcset=\"http:\/\/beynesentransition.fr\/wp-content\/uploads\/2016\/04\/2.-AFFICHES-A4_sans-bord-perdu-212x300.jpg 212w, http:\/\/beynesentransition.fr\/wp-content\/uploads\/2016\/04\/2.-AFFICHES-A4_sans-bord-perdu-768x1086.jpg 768w, http:\/\/beynesentransition.fr\/wp-content\/uploads\/2016\/04\/2.-AFFICHES-A4_sans-bord-perdu-724x1024.jpg 724w, http:\/\/beynesentransition.fr\/wp-content\/uploads\/2016\/04\/2.-AFFICHES-A4_sans-bord-perdu-106x150.jpg 106w\" sizes=\"auto, (max-width: 212px) 100vw, 212px\" \/><\/p>\n<p>Nous y voil\u00e0 !<\/p>\n<p>Apr\u00e8s tous ces mois \u00e0 courir les Yvelines pour pr\u00e9senter, expliquer, nos globe-trotters se posent \u00e0 M\u00e9r\u00e9 qui accueille les premiers conducteurs et premiers passagers du r\u00e9seau Pouces d&rsquo;Yvelines.<\/p>\n<p>L&rsquo;inauguration du r\u00e9seau Pouces d&rsquo;Yvelines, s&rsquo;accompagneront d&rsquo;un concert et de distribution de cr\u00eapes gratuites.<\/p>\n<p>Des v\u00e9hicules sigl\u00e9s relieront la gare de M\u00e9r\u00e9 \u00e0 la mairie ou au Centre Commercial Casino de 13h00 \u00e0 17h00.<\/p>\n<p><a href=\"http:\/\/beynesentransition.fr\/?attachment_id=912\" rel=\"attachment wp-att-912\"><img loading=\"lazy\" decoding=\"async\" class=\"aligncenter wp-image-912\" src=\"http:\/\/beynesentransition.fr\/wp-content\/uploads\/2016\/04\/Affiche2_PdY_2016-04-04-300x212.png\" alt=\"Affiche2_PdY_2016-04-04\" width=\"439\" height=\"310\" srcset=\"http:\/\/beynesentransition.fr\/wp-content\/uploads\/2016\/04\/Affiche2_PdY_2016-04-04-300x212.png 300w, http:\/\/beynesentransition.fr\/wp-content\/uploads\/2016\/04\/Affiche2_PdY_2016-04-04-768x543.png 768w, http:\/\/beynesentransition.fr\/wp-content\/uploads\/2016\/04\/Affiche2_PdY_2016-04-04-1024x724.png 1024w, http:\/\/beynesentransition.fr\/wp-content\/uploads\/2016\/04\/Affiche2_PdY_2016-04-04-212x150.png 212w, http:\/\/beynesentransition.fr\/wp-content\/uploads\/2016\/04\/Affiche2_PdY_2016-04-04-150x106.png 150w, http:\/\/beynesentransition.fr\/wp-content\/uploads\/2016\/04\/Affiche2_PdY_2016-04-04.png 1122w\" sizes=\"auto, (max-width: 439px) 100vw, 439px\" \/><\/a><\/p>\n<p>&nbsp;<\/p>\n<p>Vous pouvez vous inscrire sur le site de\u00a0<a href=\"http:\/\/www.rezopouce.fr\" target=\"_blank\">R\u00e9zoPouce ici<\/a>\u00a0muni d&rsquo;une photo et du scan de votre pi\u00e8ce d&rsquo;identit\u00e9.<\/p>\n<p>Nous pouvons vous fournir aussi la charte \u00e0 remplir <a href=\"http:\/\/beynesentransition.fr\/?p=191\" target=\"_blank\">contactez-nous<\/a>.<\/p>\n<p>&nbsp;<\/p>\n<p>&nbsp;<\/p>\n","protected":false},"excerpt":{"rendered":"<p>Nous y voil\u00e0 ! Apr\u00e8s tous ces mois \u00e0 courir les Yvelines pour pr\u00e9senter, expliquer, nos globe-trotters se posent \u00e0 M\u00e9r\u00e9 qui accueille les premiers conducteurs et premiers passagers du r\u00e9seau Pouces d&rsquo;Yvelines. L&rsquo;inauguration du r\u00e9seau Pouces d&rsquo;Yvelines, s&rsquo;accompagneront d&rsquo;un concert et de distribution de cr\u00eapes gratuites. Des v\u00e9hicules sigl\u00e9s relieront la gare de M\u00e9r\u00e9&hellip;&nbsp;<a href=\"http:\/\/beynesentransition.fr\/?p=909\" rel=\"bookmark\">Lire la suite &raquo;<span class=\"screen-reader-text\">Le grand jour pour Pouces d&rsquo;Yvelines<\/span><\/a><\/p>\n","protected":false},"author":1,"featured_media":0,"comment_status":"open","ping_status":"closed","sticky":false,"template":"","format":"standard","meta":{"neve_meta_sidebar":"","neve_meta_container":"","neve_meta_enable_content_width":"","neve_meta_content_width":0,"neve_meta_title_alignment":"","neve_meta_author_avatar":"","neve_post_elements_order":"","neve_meta_disable_header":"","neve_meta_disable_footer":"","neve_meta_disable_title":"","footnotes":""},"categories":[61],"tags":[50,37],"class_list":["post-909","post","type-post","status-publish","format-standard","hentry","category-pouces","tag-pouces-dyvelines","tag-transport"],"_links":{"self":[{"href":"http:\/\/beynesentransition.fr\/index.php?rest_route=\/wp\/v2\/posts\/909","targetHints":{"allow":["GET"]}}],"collection":[{"href":"http:\/\/beynesentransition.fr\/index.php?rest_route=\/wp\/v2\/posts"}],"about":[{"href":"http:\/\/beynesentransition.fr\/index.php?rest_route=\/wp\/v2\/types\/post"}],"author":[{"embeddable":true,"href":"http:\/\/beynesentransition.fr\/index.php?rest_route=\/wp\/v2\/users\/1"}],"replies":[{"embeddable":true,"href":"http:\/\/beynesentransition.fr\/index.php?rest_route=%2Fwp%2Fv2%2Fcomments&post=909"}],"version-history":[{"count":5,"href":"http:\/\/beynesentransition.fr\/index.php?rest_route=\/wp\/v2\/posts\/909\/revisions"}],"predecessor-version":[{"id":1039,"href":"http:\/\/beynesentransition.fr\/index.php?rest_route=\/wp\/v2\/posts\/909\/revisions\/1039"}],"wp:attachment":[{"href":"http:\/\/beynesentransition.fr\/index.php?rest_route=%2Fwp%2Fv2%2Fmedia&parent=909"}],"wp:term":[{"taxonomy":"category","embeddable":true,"href":"http:\/\/beynesentransition.fr\/index.php?rest_route=%2Fwp%2Fv2%2Fcategories&post=909"},{"taxonomy":"post_tag","embeddable":true,"href":"http:\/\/beynesentransition.fr\/index.php?rest_route=%2Fwp%2Fv2%2Ftags&post=909"}],"curies":[{"name":"wp","href":"https:\/\/api.w.org\/{rel}","templated":true}]}}