{"id":248,"date":"2014-06-09T17:18:20","date_gmt":"2014-06-09T15:18:20","guid":{"rendered":"http:\/\/beynesentransition.fr\/?p=248"},"modified":"2018-09-15T19:57:19","modified_gmt":"2018-09-15T17:57:19","slug":"sommes-nous-seuls","status":"publish","type":"post","link":"http:\/\/beynesentransition.fr\/?p=248","title":{"rendered":"Un travail en concertation :"},"content":{"rendered":"<h2 class=\"western\" style=\"text-align: justify;\"><\/h2>\n<p style=\"text-align: justify;\">Nous avons le plaisir de travailler en collaboration avec <strong>Villages d\u2019Yvelines en Transition, <\/strong>association b\u00e2tie sur les fondations de Villiers Saint-Fr\u00e9d\u00e9ric en Transition.<\/p>\n<p style=\"text-align: justify;\">Cette association rayonne sur Villers Saint Fr\u00e9d\u00e9ric, Jouars-PontChartrain et Neauphle le Ch\u00e2teau.<\/p>\n<p style=\"text-align: justify;\">Vous trouverez le lien de <a href=\"http:\/\/villages78entransition.fr\/\">leur site ici<\/a>,\u00a0nous vous encourageons \u00e0 le visiter.<\/p>\n<h2 style=\"text-align: justify;\"><span style=\"color: #333333;\"><strong>D&rsquo;autres intitiatives:<\/strong><\/span><\/h2>\n<p style=\"text-align: justify;\">Autre initiative, le Syst\u00e8me d\u2019Echange Local des 3 communes qui s\u2019est mont\u00e9 plus r\u00e9cemment.<\/p>\n<p style=\"text-align: justify;\"><a href=\"http:\/\/www.sel3communes.org\/public\/fr\/index.php\">http:\/\/www.sel3communes.org\/public\/fr\/index.php<\/a><\/p>\n<h2 style=\"text-align: justify;\"><strong>Un peu plus loin\u00a0:<\/strong><\/h2>\n<p style=\"text-align: justify;\"><a href=\"http:\/\/sqyentransition.wordpress.com\/qui-sommes-nous-2\/\">http:\/\/sqyentransition.wordpress.com\/<\/a><\/p>\n<h2 style=\"text-align: justify;\"><span style=\"color: #333333;\"><strong>D\u2019autres mouvements\u00a0:<\/strong><\/span><\/h2>\n<h2 class=\"western\" style=\"text-align: justify;\">Un mouvement en expansion\u00a0:<\/h2>\n<p style=\"text-align: justify;\"><a href=\"http:\/\/alternatiba.eu\/projet\/\">http:\/\/alternatiba.eu\/projet\/<\/a><\/p>\n<h2 class=\"western\" style=\"text-align: justify;\">Colibris\u00a0:<\/h2>\n<p style=\"text-align: justify;\"><a href=\"http:\/\/www.colibris-lemouvement.org\/\">http:\/\/www.colibris-lemouvement.org\/<\/a><\/p>\n<p style=\"text-align: justify;\"><a name=\"_GoBack\"><\/a><\/p>\n","protected":false},"excerpt":{"rendered":"<p>Nous avons le plaisir de travailler en collaboration avec Villages d\u2019Yvelines en Transition, association b\u00e2tie sur les fondations de Villiers Saint-Fr\u00e9d\u00e9ric en Transition. Cette association rayonne sur Villers Saint Fr\u00e9d\u00e9ric, Jouars-PontChartrain et Neauphle le Ch\u00e2teau. Vous trouverez le lien de leur site ici,\u00a0nous vous encourageons \u00e0 le visiter. D&rsquo;autres intitiatives: Autre initiative, le Syst\u00e8me d\u2019Echange&hellip;&nbsp;<a href=\"http:\/\/beynesentransition.fr\/?p=248\" rel=\"bookmark\">Lire la suite &raquo;<span class=\"screen-reader-text\">Un travail en concertation :<\/span><\/a><\/p>\n","protected":false},"author":1,"featured_media":0,"comment_status":"open","ping_status":"closed","sticky":false,"template":"","format":"standard","meta":{"neve_meta_sidebar":"","neve_meta_container":"","neve_meta_enable_content_width":"","neve_meta_content_width":0,"neve_meta_title_alignment":"","neve_meta_author_avatar":"","neve_post_elements_order":"","neve_meta_disable_header":"","neve_meta_disable_footer":"","neve_meta_disable_title":"","footnotes":""},"categories":[16],"tags":[],"class_list":["post-248","post","type-post","status-publish","format-standard","hentry","category-sites-amis"],"_links":{"self":[{"href":"http:\/\/beynesentransition.fr\/index.php?rest_route=\/wp\/v2\/posts\/248","targetHints":{"allow":["GET"]}}],"collection":[{"href":"http:\/\/beynesentransition.fr\/index.php?rest_route=\/wp\/v2\/posts"}],"about":[{"href":"http:\/\/beynesentransition.fr\/index.php?rest_route=\/wp\/v2\/types\/post"}],"author":[{"embeddable":true,"href":"http:\/\/beynesentransition.fr\/index.php?rest_route=\/wp\/v2\/users\/1"}],"replies":[{"embeddable":true,"href":"http:\/\/beynesentransition.fr\/index.php?rest_route=%2Fwp%2Fv2%2Fcomments&post=248"}],"version-history":[{"count":8,"href":"http:\/\/beynesentransition.fr\/index.php?rest_route=\/wp\/v2\/posts\/248\/revisions"}],"predecessor-version":[{"id":1348,"href":"http:\/\/beynesentransition.fr\/index.php?rest_route=\/wp\/v2\/posts\/248\/revisions\/1348"}],"wp:attachment":[{"href":"http:\/\/beynesentransition.fr\/index.php?rest_route=%2Fwp%2Fv2%2Fmedia&parent=248"}],"wp:term":[{"taxonomy":"category","embeddable":true,"href":"http:\/\/beynesentransition.fr\/index.php?rest_route=%2Fwp%2Fv2%2Fcategories&post=248"},{"taxonomy":"post_tag","embeddable":true,"href":"http:\/\/beynesentransition.fr\/index.php?rest_route=%2Fwp%2Fv2%2Ftags&post=248"}],"curies":[{"name":"wp","href":"https:\/\/api.w.org\/{rel}","templated":true}]}}