{"id":2435,"date":"2021-09-18T13:15:26","date_gmt":"2021-09-18T11:15:26","guid":{"rendered":"http:\/\/beynesentransition.fr\/?p=2435"},"modified":"2021-09-18T13:15:28","modified_gmt":"2021-09-18T11:15:28","slug":"au-revoir-olivier","status":"publish","type":"post","link":"http:\/\/beynesentransition.fr\/?p=2435","title":{"rendered":"Au revoir Olivier"},"content":{"rendered":"\n<p>C\u2019est avec une profonde tristesse que nous avons appris la disparition d\u2019Olivier GUITTARD.<\/p>\n\n\n\n<p>Il \u00e9tait une figure embl\u00e9matique de Village d\u2019Yvelines en Transition dont il avait \u00e9t\u00e9 un des copr\u00e9sidents. Il avait \u00e9galement cofond\u00e9 Pouces d\u2019Yvelines avec Beynes en Transition et s\u2019\u00e9tait \u00e9norm\u00e9ment investi dans ce projet.<\/p>\n\n\n\n<p>Plus r\u00e9cemment, il avait encore amplifi\u00e9 son engagement en devenant maire adjoint.<\/p>\n\n\n\n<p>Mais ce qui va nous manquer le plus, c\u2019est tout simplement l\u2019homme, son art de vivre pour les autres, de penser un monde meilleur pour les autres. C\u2019est le copain toujours de bonne humeur, qui pour se d\u00e9placer enfourchait son v\u00e9lo d\u00e8s qu\u2019il le pouvait. C\u2019est l\u2019homme qui ne pensait pas que transition, mais qui vivait pour la transition. Et son mode de vie \u00e9tait le reflet de ses convictions.<\/p>\n\n\n\n<p>Il n\u2019y aura jamais de mots assez forts pour te regretter Olivier.<\/p>\n\n\n\n<p>Notre association adresse ses plus sinc\u00e8res condol\u00e9ances \u00e0 ta famille \u00e0 tes proches, \u00e0 tes amis de Village d\u2019Yvelines en Transition et des autres associations.<\/p>\n\n\n\n<p>Tes amis de Beynes en Transition.<\/p>\n\n\n\n<figure class=\"wp-block-image size-large is-style-default\"><a href=\"http:\/\/beynesentransition.fr\/wp-content\/uploads\/2021\/09\/image-2.png\"><img loading=\"lazy\" decoding=\"async\" width=\"761\" height=\"1024\" src=\"http:\/\/beynesentransition.fr\/wp-content\/uploads\/2021\/09\/image-2-761x1024.png\" alt=\"\" class=\"wp-image-2436\" srcset=\"http:\/\/beynesentransition.fr\/wp-content\/uploads\/2021\/09\/image-2-761x1024.png 761w, http:\/\/beynesentransition.fr\/wp-content\/uploads\/2021\/09\/image-2-223x300.png 223w, http:\/\/beynesentransition.fr\/wp-content\/uploads\/2021\/09\/image-2-768x1033.png 768w, http:\/\/beynesentransition.fr\/wp-content\/uploads\/2021\/09\/image-2.png 785w\" sizes=\"auto, (max-width: 761px) 100vw, 761px\" \/><\/a><\/figure>\n","protected":false},"excerpt":{"rendered":"<p>C\u2019est avec une profonde tristesse que nous avons appris la disparition d\u2019Olivier GUITTARD. Il \u00e9tait une figure embl\u00e9matique de Village d\u2019Yvelines en Transition dont il avait \u00e9t\u00e9 un des copr\u00e9sidents. Il avait \u00e9galement cofond\u00e9 Pouces d\u2019Yvelines avec Beynes en Transition et s\u2019\u00e9tait \u00e9norm\u00e9ment investi dans ce projet. Plus r\u00e9cemment, il avait encore amplifi\u00e9 son engagement&hellip;&nbsp;<a href=\"http:\/\/beynesentransition.fr\/?p=2435\" rel=\"bookmark\">Lire la suite &raquo;<span class=\"screen-reader-text\">Au revoir Olivier<\/span><\/a><\/p>\n","protected":false},"author":1,"featured_media":0,"comment_status":"open","ping_status":"closed","sticky":true,"template":"","format":"standard","meta":{"neve_meta_sidebar":"","neve_meta_container":"","neve_meta_enable_content_width":"","neve_meta_content_width":0,"neve_meta_title_alignment":"","neve_meta_author_avatar":"","neve_post_elements_order":"","neve_meta_disable_header":"","neve_meta_disable_footer":"","neve_meta_disable_title":"","footnotes":""},"categories":[23],"tags":[],"class_list":["post-2435","post","type-post","status-publish","format-standard","hentry","category-transition"],"_links":{"self":[{"href":"http:\/\/beynesentransition.fr\/index.php?rest_route=\/wp\/v2\/posts\/2435","targetHints":{"allow":["GET"]}}],"collection":[{"href":"http:\/\/beynesentransition.fr\/index.php?rest_route=\/wp\/v2\/posts"}],"about":[{"href":"http:\/\/beynesentransition.fr\/index.php?rest_route=\/wp\/v2\/types\/post"}],"author":[{"embeddable":true,"href":"http:\/\/beynesentransition.fr\/index.php?rest_route=\/wp\/v2\/users\/1"}],"replies":[{"embeddable":true,"href":"http:\/\/beynesentransition.fr\/index.php?rest_route=%2Fwp%2Fv2%2Fcomments&post=2435"}],"version-history":[{"count":4,"href":"http:\/\/beynesentransition.fr\/index.php?rest_route=\/wp\/v2\/posts\/2435\/revisions"}],"predecessor-version":[{"id":2441,"href":"http:\/\/beynesentransition.fr\/index.php?rest_route=\/wp\/v2\/posts\/2435\/revisions\/2441"}],"wp:attachment":[{"href":"http:\/\/beynesentransition.fr\/index.php?rest_route=%2Fwp%2Fv2%2Fmedia&parent=2435"}],"wp:term":[{"taxonomy":"category","embeddable":true,"href":"http:\/\/beynesentransition.fr\/index.php?rest_route=%2Fwp%2Fv2%2Fcategories&post=2435"},{"taxonomy":"post_tag","embeddable":true,"href":"http:\/\/beynesentransition.fr\/index.php?rest_route=%2Fwp%2Fv2%2Ftags&post=2435"}],"curies":[{"name":"wp","href":"https:\/\/api.w.org\/{rel}","templated":true}]}}