{"id":2378,"date":"2021-06-29T17:54:00","date_gmt":"2021-06-29T15:54:00","guid":{"rendered":"http:\/\/beynesentransition.fr\/?p=2378"},"modified":"2021-06-29T22:03:55","modified_gmt":"2021-06-29T20:03:55","slug":"notre-premier-troc-de-plantes-en-mai-2021","status":"publish","type":"post","link":"http:\/\/beynesentransition.fr\/?p=2378","title":{"rendered":"Notre premier TROC DE PLANTES en Mai 2021."},"content":{"rendered":"\n<p>Voil\u00e0 , on s\u2019est lanc\u00e9\u2026 on y pensait, on en parlait\u2026 Les restrictions du COVID se sont assouplies, les saints de glaces sont pass\u00e9s, c\u2019est le moment de planter dans le potager, mais aussi de mettre de belles couleurs dans les jardins\u2026<\/p>\n\n\n\n<div class=\"wp-block-image is-style-default\"><figure class=\"aligncenter size-large is-resized\"><a href=\"http:\/\/beynesentransition.fr\/wp-content\/uploads\/2021\/05\/image.png\"><img loading=\"lazy\" decoding=\"async\" src=\"http:\/\/beynesentransition.fr\/wp-content\/uploads\/2021\/05\/image.png\" alt=\"\" class=\"wp-image-2345\" width=\"250\" height=\"277\" srcset=\"http:\/\/beynesentransition.fr\/wp-content\/uploads\/2021\/05\/image.png 803w, http:\/\/beynesentransition.fr\/wp-content\/uploads\/2021\/05\/image-270x300.png 270w, http:\/\/beynesentransition.fr\/wp-content\/uploads\/2021\/05\/image-768x852.png 768w\" sizes=\"auto, (max-width: 250px) 100vw, 250px\" \/><\/a><\/figure><\/div>\n\n\n\n<p>Alors avec l\u2019impulsion et la collaboration de notre nouvelle Maire adjointe \u00e0 l\u2019environnement, nous avons organis\u00e9 juste 2 semaines avant notre premier Troc de Plantes : une petite r\u00e9union, en une heure : on d\u00e9fini le cadre, les r\u00e8gles, le mat\u00e9riel n\u00e9cessaire, le qui fait quoi\u2026 quelques \u00e9changes plus tard et une \u00e9quipe communale qui collabore positivement avec nous\u2026 on est pr\u00eat !<\/p>\n\n\n\n<p>Voili voilou, 3 barnums install\u00e9s pour prot\u00e9ger nos plantes du soleil, qui brille magnifiquement en ce 29 mai 2021. Nos Maires Adjoints d\u00e9l\u00e9gu\u00e9s aux associations et \u00e0 l\u2019environnement aident physiquement la dizaine de membres volontaires pour mettre en place tout le mat\u00e9riel\u2026&nbsp; Un investissement personnel qui fait plaisir \u00e0 nos adh\u00e9rents.&nbsp; Et voil\u00e0 des dizaines et des dizaines de plantes sont disponibles d\u00e8s le d\u00e9but du troc &#8230;&nbsp; (Listes des plantes en bas du texte)&nbsp;<\/p>\n\n\n\n<figure class=\"wp-block-image size-large is-style-default\"><a href=\"http:\/\/beynesentransition.fr\/wp-content\/uploads\/2021\/06\/image-2.png\"><img loading=\"lazy\" decoding=\"async\" width=\"841\" height=\"460\" src=\"http:\/\/beynesentransition.fr\/wp-content\/uploads\/2021\/06\/image-2.png\" alt=\"\" class=\"wp-image-2380\" srcset=\"http:\/\/beynesentransition.fr\/wp-content\/uploads\/2021\/06\/image-2.png 841w, http:\/\/beynesentransition.fr\/wp-content\/uploads\/2021\/06\/image-2-300x164.png 300w, http:\/\/beynesentransition.fr\/wp-content\/uploads\/2021\/06\/image-2-768x420.png 768w\" sizes=\"auto, (max-width: 841px) 100vw, 841px\" \/><\/a><\/figure>\n\n\n\n<div class=\"wp-block-columns is-layout-flex wp-container-core-columns-is-layout-9d6595d7 wp-block-columns-is-layout-flex\">\n<div class=\"wp-block-column is-layout-flow wp-block-column-is-layout-flow\"><\/div>\n<\/div>\n\n\n\n<p>La r\u00e8gle est simple :&nbsp; vous apportez, vous donnez, vous regardez, vous craquez, vous emportez &#8230;<\/p>\n\n\n\n<div class=\"wp-block-image is-style-default\"><figure class=\"aligncenter size-large\"><a href=\"http:\/\/beynesentransition.fr\/wp-content\/uploads\/2021\/06\/image-5.png\"><img loading=\"lazy\" decoding=\"async\" width=\"672\" height=\"508\" src=\"http:\/\/beynesentransition.fr\/wp-content\/uploads\/2021\/06\/image-5.png\" alt=\"\" class=\"wp-image-2383\" srcset=\"http:\/\/beynesentransition.fr\/wp-content\/uploads\/2021\/06\/image-5.png 672w, http:\/\/beynesentransition.fr\/wp-content\/uploads\/2021\/06\/image-5-300x227.png 300w\" sizes=\"auto, (max-width: 672px) 100vw, 672px\" \/><\/a><\/figure><\/div>\n\n\n\n<p>Vous avez les images du troc, plus efficaces que des mots pour montrer la richesse en plantes offertes&#8230; Ambiance tr\u00e8s sympa, \u00e9changes entre participants tr\u00e8s riches avec pleins de conseils techniques, de tours de mains, de la part des participants, pour les participants.. un vrai troc d\u2019id\u00e9es aussi&#8230; Pleins de plantes, de semis, de boutures&#8230; A la fin, on a presque plus de plantes qu&rsquo;au d\u00e9part&#8230;&nbsp;<\/p>\n\n\n\n<div class=\"wp-block-columns is-layout-flex wp-container-core-columns-is-layout-9d6595d7 wp-block-columns-is-layout-flex\">\n<div class=\"wp-block-column is-layout-flow wp-block-column-is-layout-flow\">\n<p>Chacun apporte ses plants <\/p>\n\n\n\n<figure class=\"wp-block-image size-large is-resized is-style-default\"><a href=\"http:\/\/beynesentransition.fr\/wp-content\/uploads\/2021\/06\/image-6.png\"><img loading=\"lazy\" decoding=\"async\" src=\"http:\/\/beynesentransition.fr\/wp-content\/uploads\/2021\/06\/image-6.png\" alt=\"\" class=\"wp-image-2384\" width=\"293\" height=\"185\" srcset=\"http:\/\/beynesentransition.fr\/wp-content\/uploads\/2021\/06\/image-6.png 771w, http:\/\/beynesentransition.fr\/wp-content\/uploads\/2021\/06\/image-6-300x189.png 300w, http:\/\/beynesentransition.fr\/wp-content\/uploads\/2021\/06\/image-6-768x485.png 768w\" sizes=\"auto, (max-width: 293px) 100vw, 293px\" \/><\/a><\/figure>\n\n\n\n<p><\/p>\n<\/div>\n\n\n\n<div class=\"wp-block-column is-layout-flow wp-block-column-is-layout-flow\">\n<p> <\/p>\n\n\n\n<div class=\"wp-block-image is-style-default\"><figure class=\"aligncenter size-large is-resized\"><a href=\"http:\/\/beynesentransition.fr\/wp-content\/uploads\/2021\/06\/image-7.png\"><img loading=\"lazy\" decoding=\"async\" src=\"http:\/\/beynesentransition.fr\/wp-content\/uploads\/2021\/06\/image-7.png\" alt=\"\" class=\"wp-image-2385\" width=\"187\" height=\"294\" srcset=\"http:\/\/beynesentransition.fr\/wp-content\/uploads\/2021\/06\/image-7.png 285w, http:\/\/beynesentransition.fr\/wp-content\/uploads\/2021\/06\/image-7-191x300.png 191w\" sizes=\"auto, (max-width: 187px) 100vw, 187px\" \/><\/a><\/figure><\/div>\n<\/div>\n\n\n\n<div class=\"wp-block-column is-layout-flow wp-block-column-is-layout-flow\">\n<p>et les d\u00e9pose <\/p>\n\n\n\n<figure class=\"wp-block-image size-large is-style-default\"><a href=\"http:\/\/beynesentransition.fr\/wp-content\/uploads\/2021\/06\/image-8.png\"><img loading=\"lazy\" decoding=\"async\" width=\"612\" height=\"405\" src=\"http:\/\/beynesentransition.fr\/wp-content\/uploads\/2021\/06\/image-8.png\" alt=\"\" class=\"wp-image-2386\" srcset=\"http:\/\/beynesentransition.fr\/wp-content\/uploads\/2021\/06\/image-8.png 612w, http:\/\/beynesentransition.fr\/wp-content\/uploads\/2021\/06\/image-8-300x199.png 300w\" sizes=\"auto, (max-width: 612px) 100vw, 612px\" \/><\/a><\/figure>\n<\/div>\n<\/div>\n\n\n\n<p>Plusieurs visiteurs sont arriv\u00e9s avec les mains vides, mais repartent tous avec quelques plantes et de tr\u00e8s tr\u00e8s grands sourires. Puis, ils reviennent les mains pleines de boutures, plantes extraites de leur jardin pour les offrir aux autres participants\u2026&nbsp;&nbsp;<\/p>\n\n\n\n<div class=\"wp-block-image is-style-default\"><figure class=\"aligncenter size-large\"><a href=\"http:\/\/beynesentransition.fr\/wp-content\/uploads\/2021\/06\/image-9.png\"><img loading=\"lazy\" decoding=\"async\" width=\"658\" height=\"497\" src=\"http:\/\/beynesentransition.fr\/wp-content\/uploads\/2021\/06\/image-9.png\" alt=\"\" class=\"wp-image-2387\" srcset=\"http:\/\/beynesentransition.fr\/wp-content\/uploads\/2021\/06\/image-9.png 658w, http:\/\/beynesentransition.fr\/wp-content\/uploads\/2021\/06\/image-9-300x227.png 300w\" sizes=\"auto, (max-width: 658px) 100vw, 658px\" \/><\/a><\/figure><\/div>\n\n\n\n<p>Les enfants ont les yeux qui brillent avec toutes ces plantes. Encore plus quand on leur raconte qu\u2019avec quelques gestes de leur part, une graine mis dans un pot, planter des boutures dans un pot, ou dans le jardin , il vont mettre vie \u00e0 une plante qui va grandir\u2026 produire des petits fruits, des l\u00e9gumes\u2026&nbsp;&nbsp;&nbsp;<\/p>\n\n\n\n<div class=\"wp-block-image is-style-default\"><figure class=\"aligncenter size-large\"><a href=\"http:\/\/beynesentransition.fr\/wp-content\/uploads\/2021\/06\/image-10.png\"><img loading=\"lazy\" decoding=\"async\" width=\"420\" height=\"664\" src=\"http:\/\/beynesentransition.fr\/wp-content\/uploads\/2021\/06\/image-10.png\" alt=\"\" class=\"wp-image-2388\" srcset=\"http:\/\/beynesentransition.fr\/wp-content\/uploads\/2021\/06\/image-10.png 420w, http:\/\/beynesentransition.fr\/wp-content\/uploads\/2021\/06\/image-10-190x300.png 190w\" sizes=\"auto, (max-width: 420px) 100vw, 420px\" \/><\/a><\/figure><\/div>\n\n\n\n<p>Ce moment de partage est un troc de bonnes id\u00e9es, de bonnes volont\u00e9s, de bonnes humeurs, il fait beaucoup de bien \u00e0 tous, apr\u00e8s ce long moment de confinement o\u00f9 nos \u00e9changes sociaux ont \u00e9t\u00e9 souvent indirects, presque impersonnels&#8230;<\/p>\n\n\n\n<p>Cette premi\u00e8re a visiblement plu \u00e0 tout le monde, les organisateurs, les participants, et les \u00e9lus&#8230;&nbsp; eh oui presque tous les Maires adjoints et notre Maire ainsi que sa femme sont pass\u00e9s.&nbsp;<\/p>\n\n\n\n<p>Voil\u00e0, maintenant, on est impatient de recommencer le prochain TROC\u2026&nbsp;&nbsp;&nbsp;<\/p>\n\n\n\n<p>Pour septembre ? C&rsquo;est une belle p\u00e9riode pour les nouvelles plantations \u2026&nbsp; L\u2019\u00e9quipe est tr\u00e8s&nbsp; motiv\u00e9e par ce premier succ\u00e8s, et ce moment de bonheur partag\u00e9 pour lancer une deuxi\u00e8me session de Troc\u2026&nbsp;<\/p>\n\n\n\n<p>Alors on vous tient bien s\u00fbr au courant d\u00e8s qu\u2019on se lance \u00e0 nouveau \u2026&nbsp;<\/p>\n\n\n\n<p>Eric P.  &nbsp;<\/p>\n\n\n\n<p><strong>&nbsp;Liste (non exhaustive) des plantes pr\u00e9sentes au Troc du 29 mai :&nbsp;<\/strong><\/p>\n\n\n\n<p>Framboisiers, Lilas, Fraisiers des bois, Iris, Ancolies, Coquelourdes, S\u00e9dums, Cosmos, Consoles, Bourraches, Cotoneasters, Budhleia, Rhubarbe, Plants potagers (tomates, aubergines, courges&#8230;), Engrais naturel issu de lombricomposteur, quelques petits outils de jardiniers&#8230;    <\/p>\n\n\n\n<div class=\"wp-block-image is-style-default\"><figure class=\"aligncenter size-large\"><a href=\"http:\/\/beynesentransition.fr\/wp-content\/uploads\/2021\/06\/image-12.png\"><img decoding=\"async\" src=\"http:\/\/beynesentransition.fr\/wp-content\/uploads\/2021\/06\/image-12.png\" alt=\"\" class=\"wp-image-2391\"\/><\/a><\/figure><\/div>\n","protected":false},"excerpt":{"rendered":"<p>Voil\u00e0 , on s\u2019est lanc\u00e9\u2026 on y pensait, on en parlait\u2026 Les restrictions du COVID se sont assouplies, les saints de glaces sont pass\u00e9s, c\u2019est le moment de planter dans le potager, mais aussi de mettre de belles couleurs dans les jardins\u2026 Alors avec l\u2019impulsion et la collaboration de notre nouvelle Maire adjointe \u00e0 l\u2019environnement,&hellip;&nbsp;<a href=\"http:\/\/beynesentransition.fr\/?p=2378\" rel=\"bookmark\">Lire la suite &raquo;<span class=\"screen-reader-text\">Notre premier TROC DE PLANTES en Mai 2021.<\/span><\/a><\/p>\n","protected":false},"author":1,"featured_media":0,"comment_status":"open","ping_status":"closed","sticky":true,"template":"","format":"standard","meta":{"neve_meta_sidebar":"","neve_meta_container":"","neve_meta_enable_content_width":"","neve_meta_content_width":0,"neve_meta_title_alignment":"","neve_meta_author_avatar":"","neve_post_elements_order":"","neve_meta_disable_header":"","neve_meta_disable_footer":"","neve_meta_disable_title":"","footnotes":""},"categories":[62,1],"tags":[51,108,107,106],"class_list":["post-2378","post","type-post","status-publish","format-standard","hentry","category-ressources-partage","category-uncategorized","tag-jardins-partages","tag-partage","tag-plante","tag-troc"],"_links":{"self":[{"href":"http:\/\/beynesentransition.fr\/index.php?rest_route=\/wp\/v2\/posts\/2378","targetHints":{"allow":["GET"]}}],"collection":[{"href":"http:\/\/beynesentransition.fr\/index.php?rest_route=\/wp\/v2\/posts"}],"about":[{"href":"http:\/\/beynesentransition.fr\/index.php?rest_route=\/wp\/v2\/types\/post"}],"author":[{"embeddable":true,"href":"http:\/\/beynesentransition.fr\/index.php?rest_route=\/wp\/v2\/users\/1"}],"replies":[{"embeddable":true,"href":"http:\/\/beynesentransition.fr\/index.php?rest_route=%2Fwp%2Fv2%2Fcomments&post=2378"}],"version-history":[{"count":4,"href":"http:\/\/beynesentransition.fr\/index.php?rest_route=\/wp\/v2\/posts\/2378\/revisions"}],"predecessor-version":[{"id":2399,"href":"http:\/\/beynesentransition.fr\/index.php?rest_route=\/wp\/v2\/posts\/2378\/revisions\/2399"}],"wp:attachment":[{"href":"http:\/\/beynesentransition.fr\/index.php?rest_route=%2Fwp%2Fv2%2Fmedia&parent=2378"}],"wp:term":[{"taxonomy":"category","embeddable":true,"href":"http:\/\/beynesentransition.fr\/index.php?rest_route=%2Fwp%2Fv2%2Fcategories&post=2378"},{"taxonomy":"post_tag","embeddable":true,"href":"http:\/\/beynesentransition.fr\/index.php?rest_route=%2Fwp%2Fv2%2Ftags&post=2378"}],"curies":[{"name":"wp","href":"https:\/\/api.w.org\/{rel}","templated":true}]}}