{"id":2249,"date":"2021-03-27T00:44:17","date_gmt":"2021-03-26T23:44:17","guid":{"rendered":"http:\/\/beynesentransition.fr\/?p=2249"},"modified":"2021-04-03T01:05:35","modified_gmt":"2021-04-02T23:05:35","slug":"respectons-notre-faune","status":"publish","type":"post","link":"http:\/\/beynesentransition.fr\/?p=2249","title":{"rendered":"Respectons notre faune&#8230;"},"content":{"rendered":"\n<p>C&rsquo;est juste 4 mois o\u00f9 il ne faut pas toucher aux haies, afin de prot\u00e9ger la faune qui y vit.  Donc il reste 8 mois de l&rsquo;ann\u00e9e pour le faire, ce qui est plut\u00f4t simple \u00e0 g\u00e9rer&#8230; Il est m\u00eame largement conseill\u00e9 pour la sant\u00e9 des haies de tailler fin ao\u00fbt , et surtout en septembre&#8230; c&rsquo;est mieux pour les haies !  <\/p>\n\n\n\n<figure class=\"wp-block-image size-large\"><a href=\"http:\/\/beynesentransition.fr\/wp-content\/uploads\/2021\/03\/image-125.png\"><img loading=\"lazy\" decoding=\"async\" width=\"1020\" height=\"890\" src=\"http:\/\/beynesentransition.fr\/wp-content\/uploads\/2021\/03\/image-125.png\" alt=\"\" class=\"wp-image-2250\" srcset=\"http:\/\/beynesentransition.fr\/wp-content\/uploads\/2021\/03\/image-125.png 1020w, http:\/\/beynesentransition.fr\/wp-content\/uploads\/2021\/03\/image-125-300x262.png 300w, http:\/\/beynesentransition.fr\/wp-content\/uploads\/2021\/03\/image-125-768x670.png 768w\" sizes=\"auto, (max-width: 1020px) 100vw, 1020px\" \/><\/a><\/figure>\n\n\n\n<p>Article r\u00e9dig\u00e9 par Eric P<\/p>\n","protected":false},"excerpt":{"rendered":"<p>C&rsquo;est juste 4 mois o\u00f9 il ne faut pas toucher aux haies, afin de prot\u00e9ger la faune qui y vit. Donc il reste 8 mois de l&rsquo;ann\u00e9e pour le faire, ce qui est plut\u00f4t simple \u00e0 g\u00e9rer&#8230; Il est m\u00eame largement conseill\u00e9 pour la sant\u00e9 des haies de tailler fin ao\u00fbt , et surtout en&hellip;&nbsp;<a href=\"http:\/\/beynesentransition.fr\/?p=2249\" rel=\"bookmark\">Lire la suite &raquo;<span class=\"screen-reader-text\">Respectons notre faune&#8230;<\/span><\/a><\/p>\n","protected":false},"author":1,"featured_media":0,"comment_status":"open","ping_status":"closed","sticky":true,"template":"","format":"standard","meta":{"neve_meta_sidebar":"","neve_meta_container":"","neve_meta_enable_content_width":"","neve_meta_content_width":0,"neve_meta_title_alignment":"","neve_meta_author_avatar":"","neve_post_elements_order":"","neve_meta_disable_header":"","neve_meta_disable_footer":"","neve_meta_disable_title":"","footnotes":""},"categories":[88],"tags":[55,51],"class_list":["post-2249","post","type-post","status-publish","format-standard","hentry","category-biodiversite","tag-biodiversite","tag-jardins-partages"],"_links":{"self":[{"href":"http:\/\/beynesentransition.fr\/index.php?rest_route=\/wp\/v2\/posts\/2249","targetHints":{"allow":["GET"]}}],"collection":[{"href":"http:\/\/beynesentransition.fr\/index.php?rest_route=\/wp\/v2\/posts"}],"about":[{"href":"http:\/\/beynesentransition.fr\/index.php?rest_route=\/wp\/v2\/types\/post"}],"author":[{"embeddable":true,"href":"http:\/\/beynesentransition.fr\/index.php?rest_route=\/wp\/v2\/users\/1"}],"replies":[{"embeddable":true,"href":"http:\/\/beynesentransition.fr\/index.php?rest_route=%2Fwp%2Fv2%2Fcomments&post=2249"}],"version-history":[{"count":3,"href":"http:\/\/beynesentransition.fr\/index.php?rest_route=\/wp\/v2\/posts\/2249\/revisions"}],"predecessor-version":[{"id":2255,"href":"http:\/\/beynesentransition.fr\/index.php?rest_route=\/wp\/v2\/posts\/2249\/revisions\/2255"}],"wp:attachment":[{"href":"http:\/\/beynesentransition.fr\/index.php?rest_route=%2Fwp%2Fv2%2Fmedia&parent=2249"}],"wp:term":[{"taxonomy":"category","embeddable":true,"href":"http:\/\/beynesentransition.fr\/index.php?rest_route=%2Fwp%2Fv2%2Fcategories&post=2249"},{"taxonomy":"post_tag","embeddable":true,"href":"http:\/\/beynesentransition.fr\/index.php?rest_route=%2Fwp%2Fv2%2Ftags&post=2249"}],"curies":[{"name":"wp","href":"https:\/\/api.w.org\/{rel}","templated":true}]}}