{"id":183,"date":"2014-06-06T16:09:05","date_gmt":"2014-06-06T14:09:05","guid":{"rendered":"http:\/\/beynesentransition.fr\/?p=183"},"modified":"2017-02-16T15:29:51","modified_gmt":"2017-02-16T14:29:51","slug":"jardinage-et-culture-sur-mulsh","status":"publish","type":"post","link":"http:\/\/beynesentransition.fr\/?p=183","title":{"rendered":"Jardinage et culture sur mulch"},"content":{"rendered":"<h2 style=\"text-align: justify;\"><span style=\"color: #333333;\">UNE AUTRE FACON DE JARDINER:<\/span><\/h2>\n<p style=\"text-align: justify;\">N&rsquo;avez-vous jamais pest\u00e9 lors de vos b\u00eachages d&rsquo;automne, ou des sarclages de printemps contre toutes ces adventices* qui s&rsquo;invitent dans votre potager et vos plates-bandes?<\/p>\n<figure id=\"attachment_467\" aria-describedby=\"caption-attachment-467\" style=\"width: 300px\" class=\"wp-caption aligncenter\"><a href=\"http:\/\/beynesentransition.fr\/wp-content\/uploads\/2014\/08\/potager-en-novembre-02.jpg\"><img loading=\"lazy\" decoding=\"async\" class=\"size-medium wp-image-467\" src=\"http:\/\/beynesentransition.fr\/wp-content\/uploads\/2014\/08\/potager-en-novembre-02-300x169.jpg\" alt=\"Source: http:\/\/www.monpotager.net\/blog\/index.php\/Permaculture\" width=\"300\" height=\"169\" srcset=\"http:\/\/beynesentransition.fr\/wp-content\/uploads\/2014\/08\/potager-en-novembre-02-300x169.jpg 300w, http:\/\/beynesentransition.fr\/wp-content\/uploads\/2014\/08\/potager-en-novembre-02-250x140.jpg 250w, http:\/\/beynesentransition.fr\/wp-content\/uploads\/2014\/08\/potager-en-novembre-02-150x84.jpg 150w, http:\/\/beynesentransition.fr\/wp-content\/uploads\/2014\/08\/potager-en-novembre-02.jpg 534w\" sizes=\"auto, (max-width: 300px) 100vw, 300px\" \/><\/a><figcaption id=\"caption-attachment-467\" class=\"wp-caption-text\">Source: http:\/\/www.monpotager.net\/blog\/index.php\/Permaculture<\/figcaption><\/figure>\n<p style=\"text-align: justify;\">De nouvelles m\u00e9thodes de cultures existent qui permettent par moins d&rsquo;effort et plus de complicit\u00e9 avec la nature d&rsquo;obtenir des r\u00e9coltes \u00e9quivalentes \u00e0 celles d&rsquo;aujourd&rsquo;hui, sans engrais ni pesticides, et en \u00e9conomisant l&rsquo;eau.<\/p>\n<p style=\"text-align: justify;\">Elles concernent aussi bien les exploitations c\u00e9r\u00e9ali\u00e8res, les mara\u00eechers ou les particuliers, et sont faciles \u00e0 mettre en oeuvre. Vous vous apercevrez qu&rsquo;elles vous feront \u00e9conomiser beaucoup.<\/p>\n<p style=\"text-align: justify;\">D\u00e9couvrez la culture sur mulsh et l&rsquo;utilisation du BRF, un aper\u00e7u de la technique vous en est donn\u00e9 <a title=\"Editions Soltner\" href=\"http:\/\/www.soltner.fr\/page_collection,sciences,techniques,agricole,soltner_Flash-Agro--ecologiques_12.html\" target=\"_blank\">ici<\/a>. Cette <a href=\"https:\/\/www.youtube.com\/watch?v=O9PbidB0QdA\" target=\"_blank\">pr\u00e9sentation <\/a>par un jeune mara\u00eecher, vous donnera en image une justification de cette m\u00e9thode. Beaucoup d&rsquo;autres vid\u00e9os sont disponibles sur le net.<\/p>\n<p style=\"text-align: justify;\">Et aussi un exemple d&rsquo;un grand <a href=\"https:\/\/www.youtube.com\/watch?v=q98fVXuUBY8\" target=\"_blank\">carr\u00e9 potager<\/a> selon cette m\u00eame m\u00e9thode.<\/p>\n<p style=\"text-align: justify;\">\u00a0N\u2019h\u00e9sitez pas \u00e0 nous faire part de vos remarques et vos propres id\u00e9es et retours d&rsquo;exp\u00e9rience\u00a0dans la rubrique commentaires.<\/p>\n<p style=\"text-align: justify;\">*Adventices: les bien mal nomm\u00e9es mauvaises herbes, qui pour beaucoup sont sources de nutriments essentiels ou de principes actifs th\u00e9rapeutiques.<\/p>\n<p style=\"text-align: justify;\">\n","protected":false},"excerpt":{"rendered":"<p>UNE AUTRE FACON DE JARDINER: N&rsquo;avez-vous jamais pest\u00e9 lors de vos b\u00eachages d&rsquo;automne, ou des sarclages de printemps contre toutes ces adventices* qui s&rsquo;invitent dans votre potager et vos plates-bandes? De nouvelles m\u00e9thodes de cultures existent qui permettent par moins d&rsquo;effort et plus de complicit\u00e9 avec la nature d&rsquo;obtenir des r\u00e9coltes \u00e9quivalentes \u00e0 celles d&rsquo;aujourd&rsquo;hui,&hellip;&nbsp;<a href=\"http:\/\/beynesentransition.fr\/?p=183\" rel=\"bookmark\">Lire la suite &raquo;<span class=\"screen-reader-text\">Jardinage et culture sur mulch<\/span><\/a><\/p>\n","protected":false},"author":1,"featured_media":0,"comment_status":"open","ping_status":"closed","sticky":false,"template":"","format":"standard","meta":{"neve_meta_sidebar":"","neve_meta_container":"","neve_meta_enable_content_width":"","neve_meta_content_width":0,"neve_meta_title_alignment":"","neve_meta_author_avatar":"","neve_post_elements_order":"","neve_meta_disable_header":"","neve_meta_disable_footer":"","neve_meta_disable_title":"","footnotes":""},"categories":[23],"tags":[],"class_list":["post-183","post","type-post","status-publish","format-standard","hentry","category-transition"],"_links":{"self":[{"href":"http:\/\/beynesentransition.fr\/index.php?rest_route=\/wp\/v2\/posts\/183","targetHints":{"allow":["GET"]}}],"collection":[{"href":"http:\/\/beynesentransition.fr\/index.php?rest_route=\/wp\/v2\/posts"}],"about":[{"href":"http:\/\/beynesentransition.fr\/index.php?rest_route=\/wp\/v2\/types\/post"}],"author":[{"embeddable":true,"href":"http:\/\/beynesentransition.fr\/index.php?rest_route=\/wp\/v2\/users\/1"}],"replies":[{"embeddable":true,"href":"http:\/\/beynesentransition.fr\/index.php?rest_route=%2Fwp%2Fv2%2Fcomments&post=183"}],"version-history":[{"count":13,"href":"http:\/\/beynesentransition.fr\/index.php?rest_route=\/wp\/v2\/posts\/183\/revisions"}],"predecessor-version":[{"id":1069,"href":"http:\/\/beynesentransition.fr\/index.php?rest_route=\/wp\/v2\/posts\/183\/revisions\/1069"}],"wp:attachment":[{"href":"http:\/\/beynesentransition.fr\/index.php?rest_route=%2Fwp%2Fv2%2Fmedia&parent=183"}],"wp:term":[{"taxonomy":"category","embeddable":true,"href":"http:\/\/beynesentransition.fr\/index.php?rest_route=%2Fwp%2Fv2%2Fcategories&post=183"},{"taxonomy":"post_tag","embeddable":true,"href":"http:\/\/beynesentransition.fr\/index.php?rest_route=%2Fwp%2Fv2%2Ftags&post=183"}],"curies":[{"name":"wp","href":"https:\/\/api.w.org\/{rel}","templated":true}]}}