{"id":1744,"date":"2021-03-11T00:27:00","date_gmt":"2021-03-10T23:27:00","guid":{"rendered":"http:\/\/beynesentransition.fr\/?p=1744"},"modified":"2022-01-26T16:43:53","modified_gmt":"2022-01-26T15:43:53","slug":"le-reparvelo-a-beynes","status":"publish","type":"post","link":"http:\/\/beynesentransition.fr\/?p=1744","title":{"rendered":"Le R\u00e9par&rsquo;V\u00e9lo \u00e0 Beynes"},"content":{"rendered":"\n<div class=\"wp-block-image\"><figure class=\"aligncenter size-large\"><a href=\"http:\/\/beynesentransition.fr\/wp-content\/uploads\/2021\/03\/image.png\"><img loading=\"lazy\" decoding=\"async\" width=\"342\" height=\"48\" src=\"http:\/\/beynesentransition.fr\/wp-content\/uploads\/2021\/03\/image.png\" alt=\"\" class=\"wp-image-1928\" srcset=\"http:\/\/beynesentransition.fr\/wp-content\/uploads\/2021\/03\/image.png 342w, http:\/\/beynesentransition.fr\/wp-content\/uploads\/2021\/03\/image-300x42.png 300w\" sizes=\"auto, (max-width: 342px) 100vw, 342px\" \/><\/a><\/figure><\/div>\n\n\n\n<p>Un Collectif de copains b\u00e9n\u00e9voles, Eric, Pascal, Yves,&#8230; organise tous les deuxi\u00e8mes samedis de chaque mois \u00e0 Beynes le R\u00e9par&rsquo;V\u00e9lo.\u00a0 Il se d\u00e9roule rue des clos, de 10H \u00e0 12H30, afin d&rsquo;aider tous les beynois \u00e0 rouler en v\u00e9lo avec plaisir et s\u00e9curit\u00e9.  pour en savoir plus sur le collectif de copains, allez voir ici : <\/p>\n\n\n\n<p class=\"has-text-align-center\"><a href=\"https:\/\/cyclobeynes78650.wordpress.com\/\">https:\/\/cyclobeynes78650.wordpress.com\/<\/a><\/p>\n\n\n\n<div class=\"wp-block-image\"><figure class=\"aligncenter size-large\"><a href=\"http:\/\/beynesentransition.fr\/wp-content\/uploads\/2021\/03\/image-83.png\"><img loading=\"lazy\" decoding=\"async\" width=\"1024\" height=\"449\" src=\"http:\/\/beynesentransition.fr\/wp-content\/uploads\/2021\/03\/image-83-1024x449.png\" alt=\"\" class=\"wp-image-2149\" srcset=\"http:\/\/beynesentransition.fr\/wp-content\/uploads\/2021\/03\/image-83-1024x449.png 1024w, http:\/\/beynesentransition.fr\/wp-content\/uploads\/2021\/03\/image-83-300x132.png 300w, http:\/\/beynesentransition.fr\/wp-content\/uploads\/2021\/03\/image-83-768x337.png 768w, http:\/\/beynesentransition.fr\/wp-content\/uploads\/2021\/03\/image-83.png 1436w\" sizes=\"auto, (max-width: 1024px) 100vw, 1024px\" \/><\/a><\/figure><\/div>\n\n\n\n<p><strong>Mais c&rsquo;est quoi un R\u00e9par v\u00e9lo ?<\/strong>&nbsp;  <\/p>\n\n\n\n<p>C&rsquo;est le principe du Caf\u00e9 R\u00e9paration : un atelier o\u00f9 des b\u00e9n\u00e9voles aident \u00e0 r\u00e9parer des objets\u2026 Ici, c\u2019est tout ce qui a deux roues : bicyclette, VTT, route, ville, VAE, tandem \u2026&nbsp;&nbsp;<\/p>\n\n\n\n<p>Vous apportez les pi\u00e8ces, votre v\u00e9lo et la bande de copains b\u00e9n\u00e9voles r\u00e9pare, diagnostique, vous aident pour trouver les bonnes pi\u00e8ces\u2026 afin de remettre sur roues vos bicyclettes.&nbsp;<\/p>\n\n\n\n<div class=\"wp-block-columns is-layout-flex wp-container-core-columns-is-layout-9d6595d7 wp-block-columns-is-layout-flex\">\n<div class=\"wp-block-column is-layout-flow wp-block-column-is-layout-flow\">\n<p><img loading=\"lazy\" decoding=\"async\" src=\"https:\/\/lh3.googleusercontent.com\/nM8dQVSe23MzBwn2DoL3fOYW80oDgrljYRQ9ei0BheldaAZejKy6UyX6hcH49Wiy6Jk3mvwFX1aSicXSHFgyhYoAF3MeTOPoJt1Qc4G1VXPR1gZ2nxjWHK2GCeWdM52Aul8kOX4P\" width=\"602\" height=\"425\"><\/p>\n<\/div>\n\n\n\n<div class=\"wp-block-column is-layout-flow wp-block-column-is-layout-flow\">\n<p><img loading=\"lazy\" decoding=\"async\" src=\"https:\/\/lh3.googleusercontent.com\/3kkcDQJkKyZ2zZNpG-tzpQTY8aldG-f6jUhQfR4vDP1vuLk3MixF78UfVgWYCjt0Ax6fdOGFC43Sh85pVf7xLn66pV43zViT3xN1dLEIo2MnSpzyKlwfn3P-SNMTEFttFIxY0ovv\" width=\"602\" height=\"572\"><\/p>\n<\/div>\n<\/div>\n\n\n\n<p>Le plus souvent, ces 2 roues ne sont plus utilis\u00e9s, \u00e0 cause d&rsquo;un petit probl\u00e8me m\u00e9canique\u2026&nbsp; La principale motivation de la bande de copains du R\u00e9par&rsquo;V\u00e9lo est de voir se r\u00e9veiller tous ces v\u00e9los qui dorment dans les garages beynois, \u00e0 cause de petits probl\u00e8mes techniques. Ainsi, on aide tous les beynois \u00e0 se d\u00e9placer en v\u00e9lo avec plus de facilit\u00e9.&nbsp;&nbsp;<\/p>\n\n\n\n<p>L&rsquo;association Beynes En Transition soutient l&rsquo;initiative de ce collectif car elle aide la mobilit\u00e9 douce (aide le d\u00e9veloppement des d\u00e9placements \u00e0 deux roues) et elle est respectueuse de l&rsquo;environnement (permet le recyclage de nombreux kilos de mat\u00e9riels qui ne terminent pas dans les encombrants ou la d\u00e9chetterie\u2026 ) Ainsi tous ces kilos de m\u00e9tal ou de caoutchouc retrouvent une nouvelle vie\u2026&nbsp;  <\/p>\n\n\n\n<div class=\"wp-block-columns is-layout-flex wp-container-core-columns-is-layout-9d6595d7 wp-block-columns-is-layout-flex\">\n<div class=\"wp-block-column is-layout-flow wp-block-column-is-layout-flow\">\n<p><img decoding=\"async\" width=\"705px;\" height=\"521px;\" src=\"https:\/\/lh5.googleusercontent.com\/HPuNXYUd9uCZlN06MQCD3vjW6CJdEbzdkuQ_xrMDos15Xr4mHUPe_MWPCps37Sb5gs5StfoKIrghf6bkLwF2E3OySKEZ9ibF7OgvyyaDTmQDZBg5kQ4UNOSCljxYCsEJZUzw1OXX2frbrA\"><\/p>\n<\/div>\n\n\n\n<div class=\"wp-block-column is-layout-flow wp-block-column-is-layout-flow\">\n<div class=\"wp-block-image\"><figure class=\"aligncenter size-large is-resized\"><a href=\"http:\/\/beynesentransition.fr\/wp-content\/uploads\/2021\/02\/image-4.png\"><img loading=\"lazy\" decoding=\"async\" src=\"http:\/\/beynesentransition.fr\/wp-content\/uploads\/2021\/02\/image-4.png\" alt=\"\" class=\"wp-image-1814\" width=\"287\" height=\"288\" srcset=\"http:\/\/beynesentransition.fr\/wp-content\/uploads\/2021\/02\/image-4.png 422w, http:\/\/beynesentransition.fr\/wp-content\/uploads\/2021\/02\/image-4-298x300.png 298w, http:\/\/beynesentransition.fr\/wp-content\/uploads\/2021\/02\/image-4-150x150.png 150w\" sizes=\"auto, (max-width: 287px) 100vw, 287px\" \/><\/a><\/figure><\/div>\n<\/div>\n<\/div>\n\n\n\n<p>Si vous aussi, vous souhaitez aider la bande de copains du R\u00e9par&rsquo; V\u00e9lo, vous pouvez le faire en proposant toutes les pi\u00e8ces de v\u00e9los qui dorment dans votre garage ou autres, vos vieux v\u00e9los m\u00eame cass\u00e9s afin qu&rsquo;on puisse r\u00e9cup\u00e9rer les pi\u00e8ces d\u00e9tach\u00e9es pour les recycler. Ainsi, vous aidez d&rsquo;autres \u00e0 rouler en v\u00e9lo, mais aussi \u00e0 r\u00e9duire vos d\u00e9chets car nous utiliserons au maximum toutes les pi\u00e8ces.&nbsp;&nbsp;&nbsp;&nbsp;<\/p>\n\n\n\n<p><strong>Si vous avez des pi\u00e8ces \u00e0 donner, contactez le collectif sur : <\/strong><\/p>\n\n\n\n<p class=\"has-text-align-center\"><a href=\"https:\/\/cyclobeynes78650.wordpress.com\/\">https:\/\/cyclobeynes78650.wordpress.com\/<\/a><\/p>\n\n\n\n<p>Ou <strong>par mail : <\/strong> reparvelobeynes_Arobase_wanadoo.fr<\/p>\n\n\n\n<p><\/p>\n\n\n\n<p class=\"has-text-align-center\"><strong>Article r\u00e9dig\u00e9 par Eric Pandolfi membre du collectif de copains du R\u00e9par V\u00e9lo de Beynes<\/strong><\/p>\n\n\n\n<div class=\"wp-block-columns is-layout-flex wp-container-core-columns-is-layout-9d6595d7 wp-block-columns-is-layout-flex\">\n<div class=\"wp-block-column is-layout-flow wp-block-column-is-layout-flow\" style=\"flex-basis:100%\">\n<div class=\"wp-block-columns is-layout-flex wp-container-core-columns-is-layout-9d6595d7 wp-block-columns-is-layout-flex\">\n<div class=\"wp-block-column is-layout-flow wp-block-column-is-layout-flow\">\n<figure class=\"wp-block-image size-large is-resized\"><a href=\"http:\/\/beynesentransition.fr\/wp-content\/uploads\/2021\/03\/image-90.png\"><img loading=\"lazy\" decoding=\"async\" src=\"http:\/\/beynesentransition.fr\/wp-content\/uploads\/2021\/03\/image-90.png\" alt=\"\" class=\"wp-image-2158\" width=\"235\" height=\"181\" srcset=\"http:\/\/beynesentransition.fr\/wp-content\/uploads\/2021\/03\/image-90.png 698w, http:\/\/beynesentransition.fr\/wp-content\/uploads\/2021\/03\/image-90-300x232.png 300w\" sizes=\"auto, (max-width: 235px) 100vw, 235px\" \/><\/a><\/figure>\n\n\n\n<p class=\"has-text-align-center\">On r\u00e9pare <\/p>\n<\/div>\n\n\n\n<div class=\"wp-block-column is-layout-flow wp-block-column-is-layout-flow\">\n<figure class=\"wp-block-image size-large\"><a href=\"http:\/\/beynesentransition.fr\/wp-content\/uploads\/2021\/03\/image-87.png\"><img loading=\"lazy\" decoding=\"async\" width=\"805\" height=\"571\" src=\"http:\/\/beynesentransition.fr\/wp-content\/uploads\/2021\/03\/image-87.png\" alt=\"\" class=\"wp-image-2155\" srcset=\"http:\/\/beynesentransition.fr\/wp-content\/uploads\/2021\/03\/image-87.png 805w, http:\/\/beynesentransition.fr\/wp-content\/uploads\/2021\/03\/image-87-300x213.png 300w, http:\/\/beynesentransition.fr\/wp-content\/uploads\/2021\/03\/image-87-768x545.png 768w\" sizes=\"auto, (max-width: 805px) 100vw, 805px\" \/><\/a><\/figure>\n\n\n\n<p class=\"has-text-align-center\">On teste <\/p>\n<\/div>\n\n\n\n<div class=\"wp-block-column is-layout-flow wp-block-column-is-layout-flow\">\n<figure class=\"wp-block-image size-large\"><a href=\"http:\/\/beynesentransition.fr\/wp-content\/uploads\/2021\/03\/image-88.png\"><img loading=\"lazy\" decoding=\"async\" width=\"786\" height=\"536\" src=\"http:\/\/beynesentransition.fr\/wp-content\/uploads\/2021\/03\/image-88.png\" alt=\"\" class=\"wp-image-2156\" srcset=\"http:\/\/beynesentransition.fr\/wp-content\/uploads\/2021\/03\/image-88.png 786w, http:\/\/beynesentransition.fr\/wp-content\/uploads\/2021\/03\/image-88-300x205.png 300w, http:\/\/beynesentransition.fr\/wp-content\/uploads\/2021\/03\/image-88-768x524.png 768w\" sizes=\"auto, (max-width: 786px) 100vw, 786px\" \/><\/a><\/figure>\n\n\n\n<p class=\"has-text-align-center\">On peaufine les r\u00e9glages <\/p>\n<\/div>\n<\/div>\n<\/div>\n<\/div>\n\n\n\n<div class=\"wp-block-columns is-layout-flex wp-container-core-columns-is-layout-9d6595d7 wp-block-columns-is-layout-flex\">\n<div class=\"wp-block-column is-layout-flow wp-block-column-is-layout-flow\">\n<figure class=\"wp-block-image size-large\"><a href=\"http:\/\/beynesentransition.fr\/wp-content\/uploads\/2021\/03\/image-96.png\"><img loading=\"lazy\" decoding=\"async\" width=\"852\" height=\"673\" src=\"http:\/\/beynesentransition.fr\/wp-content\/uploads\/2021\/03\/image-96.png\" alt=\"\" class=\"wp-image-2164\" srcset=\"http:\/\/beynesentransition.fr\/wp-content\/uploads\/2021\/03\/image-96.png 852w, http:\/\/beynesentransition.fr\/wp-content\/uploads\/2021\/03\/image-96-300x237.png 300w, http:\/\/beynesentransition.fr\/wp-content\/uploads\/2021\/03\/image-96-768x607.png 768w\" sizes=\"auto, (max-width: 852px) 100vw, 852px\" \/><\/a><\/figure>\n<\/div>\n\n\n\n<div class=\"wp-block-column is-layout-flow wp-block-column-is-layout-flow\">\n<div class=\"wp-block-image\"><figure class=\"aligncenter size-large is-resized\"><a href=\"http:\/\/beynesentransition.fr\/wp-content\/uploads\/2021\/03\/image-95.png\"><img loading=\"lazy\" decoding=\"async\" src=\"http:\/\/beynesentransition.fr\/wp-content\/uploads\/2021\/03\/image-95.png\" alt=\"\" class=\"wp-image-2163\" width=\"189\" height=\"227\" srcset=\"http:\/\/beynesentransition.fr\/wp-content\/uploads\/2021\/03\/image-95.png 616w, http:\/\/beynesentransition.fr\/wp-content\/uploads\/2021\/03\/image-95-249x300.png 249w\" sizes=\"auto, (max-width: 189px) 100vw, 189px\" \/><\/a><\/figure><\/div>\n<\/div>\n\n\n\n<div class=\"wp-block-column is-layout-flow wp-block-column-is-layout-flow\">\n<figure class=\"wp-block-image size-large is-resized\"><a href=\"http:\/\/beynesentransition.fr\/wp-content\/uploads\/2021\/03\/image-91.png\"><img loading=\"lazy\" decoding=\"async\" src=\"http:\/\/beynesentransition.fr\/wp-content\/uploads\/2021\/03\/image-91.png\" alt=\"\" class=\"wp-image-2159\" width=\"291\" height=\"199\"\/><\/a><\/figure>\n<\/div>\n<\/div>\n\n\n\n<div class=\"wp-block-columns is-layout-flex wp-container-core-columns-is-layout-9d6595d7 wp-block-columns-is-layout-flex\">\n<div class=\"wp-block-column is-layout-flow wp-block-column-is-layout-flow\" style=\"flex-basis:100%\">\n<div class=\"wp-block-image\"><figure class=\"aligncenter size-large\"><a href=\"http:\/\/beynesentransition.fr\/wp-content\/uploads\/2021\/03\/image-93.png\"><img loading=\"lazy\" decoding=\"async\" width=\"900\" height=\"646\" src=\"http:\/\/beynesentransition.fr\/wp-content\/uploads\/2021\/03\/image-93.png\" alt=\"\" class=\"wp-image-2161\" srcset=\"http:\/\/beynesentransition.fr\/wp-content\/uploads\/2021\/03\/image-93.png 900w, http:\/\/beynesentransition.fr\/wp-content\/uploads\/2021\/03\/image-93-300x215.png 300w, http:\/\/beynesentransition.fr\/wp-content\/uploads\/2021\/03\/image-93-768x551.png 768w\" sizes=\"auto, (max-width: 900px) 100vw, 900px\" \/><\/a><\/figure><\/div>\n<\/div>\n<\/div>\n\n\n\n<div class=\"wp-block-columns is-layout-flex wp-container-core-columns-is-layout-9d6595d7 wp-block-columns-is-layout-flex\">\n<div class=\"wp-block-column is-layout-flow wp-block-column-is-layout-flow\"><\/div>\n<\/div>\n\n\n\n<p><\/p>\n","protected":false},"excerpt":{"rendered":"<p>Un Collectif de copains b\u00e9n\u00e9voles, Eric, Pascal, Yves,&#8230; organise tous les deuxi\u00e8mes samedis de chaque mois \u00e0 Beynes le R\u00e9par&rsquo;V\u00e9lo.\u00a0 Il se d\u00e9roule rue des clos, de 10H \u00e0 12H30, afin d&rsquo;aider tous les beynois \u00e0 rouler en v\u00e9lo avec plaisir et s\u00e9curit\u00e9. pour en savoir plus sur le collectif de copains, allez voir ici&hellip;&nbsp;<a href=\"http:\/\/beynesentransition.fr\/?p=1744\" rel=\"bookmark\">Lire la suite &raquo;<span class=\"screen-reader-text\">Le R\u00e9par&rsquo;V\u00e9lo \u00e0 Beynes<\/span><\/a><\/p>\n","protected":false},"author":1,"featured_media":0,"comment_status":"closed","ping_status":"closed","sticky":true,"template":"","format":"standard","meta":{"neve_meta_sidebar":"","neve_meta_container":"","neve_meta_enable_content_width":"","neve_meta_content_width":0,"neve_meta_title_alignment":"","neve_meta_author_avatar":"","neve_post_elements_order":"","neve_meta_disable_header":"","neve_meta_disable_footer":"","neve_meta_disable_title":"","footnotes":""},"categories":[100],"tags":[99,68,98,101,111,80],"class_list":["post-1744","post","type-post","status-publish","format-standard","hentry","category-reparvelo","tag-ecomobilite","tag-mobilite","tag-mobilite-douce","tag-recyclage","tag-reparvelo","tag-velo"],"_links":{"self":[{"href":"http:\/\/beynesentransition.fr\/index.php?rest_route=\/wp\/v2\/posts\/1744","targetHints":{"allow":["GET"]}}],"collection":[{"href":"http:\/\/beynesentransition.fr\/index.php?rest_route=\/wp\/v2\/posts"}],"about":[{"href":"http:\/\/beynesentransition.fr\/index.php?rest_route=\/wp\/v2\/types\/post"}],"author":[{"embeddable":true,"href":"http:\/\/beynesentransition.fr\/index.php?rest_route=\/wp\/v2\/users\/1"}],"replies":[{"embeddable":true,"href":"http:\/\/beynesentransition.fr\/index.php?rest_route=%2Fwp%2Fv2%2Fcomments&post=1744"}],"version-history":[{"count":21,"href":"http:\/\/beynesentransition.fr\/index.php?rest_route=\/wp\/v2\/posts\/1744\/revisions"}],"predecessor-version":[{"id":2489,"href":"http:\/\/beynesentransition.fr\/index.php?rest_route=\/wp\/v2\/posts\/1744\/revisions\/2489"}],"wp:attachment":[{"href":"http:\/\/beynesentransition.fr\/index.php?rest_route=%2Fwp%2Fv2%2Fmedia&parent=1744"}],"wp:term":[{"taxonomy":"category","embeddable":true,"href":"http:\/\/beynesentransition.fr\/index.php?rest_route=%2Fwp%2Fv2%2Fcategories&post=1744"},{"taxonomy":"post_tag","embeddable":true,"href":"http:\/\/beynesentransition.fr\/index.php?rest_route=%2Fwp%2Fv2%2Ftags&post=1744"}],"curies":[{"name":"wp","href":"https:\/\/api.w.org\/{rel}","templated":true}]}}