{"id":1733,"date":"2021-01-29T23:12:17","date_gmt":"2021-01-29T22:12:17","guid":{"rendered":"http:\/\/beynesentransition.fr\/?p=1733"},"modified":"2021-03-30T23:09:01","modified_gmt":"2021-03-30T21:09:01","slug":"1733","status":"publish","type":"post","link":"http:\/\/beynesentransition.fr\/?p=1733","title":{"rendered":"Pouces d\u2019Yvelines : vers de nouveaux horizons."},"content":{"rendered":"\n<p><\/p>\n\n\n\n<div class=\"wp-block-image\"><figure class=\"alignleft size-large is-resized\"><a href=\"http:\/\/beynesentransition.fr\/wp-content\/uploads\/2017\/10\/012dcb08-71f6-463c-9034-5c549b6ba404-e1613679466252.png\"><img loading=\"lazy\" decoding=\"async\" src=\"http:\/\/beynesentransition.fr\/wp-content\/uploads\/2017\/10\/012dcb08-71f6-463c-9034-5c549b6ba404-e1613679466252.png\" alt=\"\" class=\"wp-image-1267\" width=\"290\" height=\"284\" srcset=\"http:\/\/beynesentransition.fr\/wp-content\/uploads\/2017\/10\/012dcb08-71f6-463c-9034-5c549b6ba404-e1613679466252.png 425w, http:\/\/beynesentransition.fr\/wp-content\/uploads\/2017\/10\/012dcb08-71f6-463c-9034-5c549b6ba404-e1613679466252-300x294.png 300w\" sizes=\"auto, (max-width: 290px) 100vw, 290px\" \/><\/a><figcaption>L&rsquo;appli est disponible gratuitement sur Apple Store et Play Store<\/figcaption><\/figure><\/div>\n\n\n\n<p>La cr\u00e9ation de Pouces d\u2019Yvelines a permis gr\u00e2ce au soutien de la r\u00e9gion IDF et de la fondation MACIF, de promouvoir et de mettre en place le dispositif Rezo Pouce dans les Yvelines.<\/p>\n\n\n\n<p>Si le travail des b\u00e9n\u00e9voles des 2 associations Beynes en Transition et Villages d\u2019Yvelines en Transition a permis de f\u00e9d\u00e9rer de nombreuses communes, le moment \u00e9tait venu de prendre des d\u00e9cisions propres \u00e0 permettre \u00e0 Rezo Pouce de passer \u00e0 la vitesse sup\u00e9rieure sur les Yvelines.<\/p>\n\n\n\n<p>Apr\u00e8s avoir rencontr\u00e9 une majorit\u00e9 de communaut\u00e9s de communes et communaut\u00e9s d\u2019agglom\u00e9ration en relation directe avec notre territoire, il s\u2019est av\u00e9r\u00e9 que notre structure, tr\u00e8s efficace car tr\u00e8s agile pour promouvoir le dispositif, montrait ses limites pour contractualiser avec ces EPCI.<\/p>\n\n\n\n<p>Avec plus de 600 utilisateurs et une vingtaine de communes dont la plupart sur notre communaut\u00e9 de communes, nous avons propos\u00e9 \u00e0 C\u0153urs d\u2019Yvelines de prendre cette activit\u00e9. C\u2019est chose faite depuis avril 2019.<\/p>\n\n\n\n<p>Si aujourd\u2019hui le dispositif n\u2019est toujours pas d\u00e9ploy\u00e9 sur la totalit\u00e9 de la dizaine de communes restantes de la CCCY, REZO POUCE continue sa croissance sur la France avec plus de 2&nbsp;000 communes couvertes. Cette progression malgr\u00e9 les conditions li\u00e9es \u00e0 la pand\u00e9mie que nous connaissons n\u2019est pas remise en cause pour l\u2019ann\u00e9e \u00e0 venir.<\/p>\n\n\n\n<p>Rezo Pouce s\u2019est renforc\u00e9e au fil du temps et propose de nouveaux services d\u00e9riv\u00e9s de son principe de base&nbsp;: le covoiturage malin de proximit\u00e9&nbsp;!<\/p>\n\n\n\n<p>Alors n\u2019h\u00e9sitez pas \u00e0 vous rendre sur le site de Rezo Pouce pour vous inscrire et d\u00e9couvrir l\u2019actualit\u00e9 de ce mode de transport solidaire.<\/p>\n\n\n\n<p>Quant \u00e0 Pouces d\u2019Yvelines, les associations et mairies r\u00e9fl\u00e9chissent \u00e0 trouver un nouveau type d\u2019actions, la volont\u00e9 \u00ab&nbsp;commune&nbsp;\u00bb \u00e9tant de continuer \u00e0 p\u00e9renniser ce mode de collaboration \u00e9troit entre associations et collectivit\u00e9s.<\/p>\n\n\n\n<p><a href=\"https:\/\/www.rezopouce.fr\/page\/villes-du-reseau\">https:\/\/www.rezopouce.fr\/page\/villes-du-reseau<\/a><\/p>\n\n\n\n<p>Auteur de l&rsquo;article : Armel PITOIS<\/p>\n","protected":false},"excerpt":{"rendered":"<p>La cr\u00e9ation de Pouces d\u2019Yvelines a permis gr\u00e2ce au soutien de la r\u00e9gion IDF et de la fondation MACIF, de promouvoir et de mettre en place le dispositif Rezo Pouce dans les Yvelines. Si le travail des b\u00e9n\u00e9voles des 2 associations Beynes en Transition et Villages d\u2019Yvelines en Transition a permis de f\u00e9d\u00e9rer de nombreuses&hellip;&nbsp;<a href=\"http:\/\/beynesentransition.fr\/?p=1733\" rel=\"bookmark\">Lire la suite &raquo;<span class=\"screen-reader-text\">Pouces d\u2019Yvelines : vers de nouveaux horizons.<\/span><\/a><\/p>\n","protected":false},"author":1,"featured_media":0,"comment_status":"closed","ping_status":"closed","sticky":true,"template":"","format":"standard","meta":{"neve_meta_sidebar":"","neve_meta_container":"","neve_meta_enable_content_width":"","neve_meta_content_width":0,"neve_meta_title_alignment":"","neve_meta_author_avatar":"","neve_post_elements_order":"","neve_meta_disable_header":"","neve_meta_disable_footer":"","neve_meta_disable_title":"","footnotes":""},"categories":[5,61],"tags":[99,68,98],"class_list":["post-1733","post","type-post","status-publish","format-standard","hentry","category-transport","category-pouces","tag-ecomobilite","tag-mobilite","tag-mobilite-douce"],"_links":{"self":[{"href":"http:\/\/beynesentransition.fr\/index.php?rest_route=\/wp\/v2\/posts\/1733","targetHints":{"allow":["GET"]}}],"collection":[{"href":"http:\/\/beynesentransition.fr\/index.php?rest_route=\/wp\/v2\/posts"}],"about":[{"href":"http:\/\/beynesentransition.fr\/index.php?rest_route=\/wp\/v2\/types\/post"}],"author":[{"embeddable":true,"href":"http:\/\/beynesentransition.fr\/index.php?rest_route=\/wp\/v2\/users\/1"}],"replies":[{"embeddable":true,"href":"http:\/\/beynesentransition.fr\/index.php?rest_route=%2Fwp%2Fv2%2Fcomments&post=1733"}],"version-history":[{"count":5,"href":"http:\/\/beynesentransition.fr\/index.php?rest_route=\/wp\/v2\/posts\/1733\/revisions"}],"predecessor-version":[{"id":1854,"href":"http:\/\/beynesentransition.fr\/index.php?rest_route=\/wp\/v2\/posts\/1733\/revisions\/1854"}],"wp:attachment":[{"href":"http:\/\/beynesentransition.fr\/index.php?rest_route=%2Fwp%2Fv2%2Fmedia&parent=1733"}],"wp:term":[{"taxonomy":"category","embeddable":true,"href":"http:\/\/beynesentransition.fr\/index.php?rest_route=%2Fwp%2Fv2%2Fcategories&post=1733"},{"taxonomy":"post_tag","embeddable":true,"href":"http:\/\/beynesentransition.fr\/index.php?rest_route=%2Fwp%2Fv2%2Ftags&post=1733"}],"curies":[{"name":"wp","href":"https:\/\/api.w.org\/{rel}","templated":true}]}}