{"id":1723,"date":"2021-01-29T22:50:11","date_gmt":"2021-01-29T21:50:11","guid":{"rendered":"http:\/\/beynesentransition.fr\/?p=1723"},"modified":"2021-03-10T19:05:58","modified_gmt":"2021-03-10T18:05:58","slug":"le-jardin-du-college-a-beynes-un-atelier-pedagogique","status":"publish","type":"post","link":"http:\/\/beynesentransition.fr\/?p=1723","title":{"rendered":"Le jardin du coll\u00e8ge \u00e0 Beynes : Un atelier p\u00e9dagogique"},"content":{"rendered":"\n<p class=\"has-text-align-center\"><img loading=\"lazy\" decoding=\"async\" src=\"https:\/\/lh6.googleusercontent.com\/H1OtIiQXDZeAOgfltYDUG6hA0nejf-_7bbb3YgkHGaU990mHNm6c3TrSd8Gw5ccIuIgQUa1LKeOkgS0rNbzLJ5knQB2NIw6ucH1Da4Wir4EDoiWFA2rMMdHsmtHvdn2HwT7JpCjt\" width=\"508\" height=\"239\"><\/p>\n\n\n\n<p>A l\u2019automne 2019, Mme Harel, principale au coll\u00e8ge Fran\u00e7ois Rabelais de Beynes, nous a sollicit\u00e9 pour participer \u00e0 un atelier p\u00e9dagogique, consistant \u00e0 la cr\u00e9ation d\u2019un jardin dans le patio du coll\u00e8ge. Une premi\u00e8re r\u00e9union d\u2019initialisation du jardin avec Mme Harel, M. Riguidel gestionnaire du coll\u00e8ge, M. Charles le chef cuisinier, Mme Sophie Reuter professeur, d\u2019autres membres de l\u2019encadrement et des \u00e9l\u00e8ves. L\u2019emplacement propos\u00e9 est d\u2019une surface d\u2019environ 400m\u00b2. Dans le pass\u00e9, ce terrain a \u00e9t\u00e9 cultiv\u00e9, mais aujourd\u2019hui la nature a repris ses droits.&nbsp;<\/p>\n\n\n\n<figure class=\"wp-block-image\"><img decoding=\"async\" src=\"https:\/\/lh5.googleusercontent.com\/rQUQBAl9DGbAuHY3TBOofh48G-eOVTVgBDcylZuAhZk4VwNhdQcX-cAlgdrKFCkb1DoSurKxzHQ56_d4IknRC-RMNSFtfNsiP4d8fKQwLUMpQCesi7-dVsJ4SkUhRotHuOfGkXLp\" alt=\"\"\/><\/figure>\n\n\n\n<p>L\u2019objectif de cet atelier est de sensibiliser les jeunes \u00e9l\u00e8ves au jardinage, au respect de la nature et de notre environnement. Il faut amener les \u00e9l\u00e8ves \u00e0 consid\u00e9rer que ce jardin est leur jardin. Les \u00e9l\u00e8ves seront encadr\u00e9s par des professeurs r\u00e9f\u00e9rents. Nous, les intervenants ext\u00e9rieurs et l\u2019association Bien \u00e0 Beynes, sommes l\u00e0 pour faire partager notre exp\u00e9rience et les guider dans les choix. Nous devons rester humbles et \u00eatre \u00e0 l\u2019\u00e9coute des \u00e9l\u00e8ves.&nbsp;<\/p>\n\n\n\n<p>Les ateliers ont lieu \u00e0 la pause d\u00e9jeuner le lundi et le jeudi, chaque semaine. Les \u00e9l\u00e8ves sont volontaires. &nbsp;<\/p>\n\n\n\n<p>Nos r\u00e8gles sont les principes de la permaculture. Le mot permaculture est souvent ramen\u00e9 \u00e0 une simple technique de jardinage, mais ce n\u2019est pas que \u00e7a. La permaculture est un projet politique d\u2019avenir.<\/p>\n\n\n\n<p>L\u2019\u00e9thique de la permaculture peut se r\u00e9sumer en 3 points&nbsp;:<\/p>\n\n\n\n<ul class=\"wp-block-list\"><li>Prendre soin de la terre en cessant d\u2019exploiter le monde et red\u00e9couvrir comment l\u2019habiter<\/li><li>Prendre soin des \u00eatres vivants&nbsp;: convergence ou compl\u00e9mentarit\u00e9 des in\u00e9galit\u00e9s environnementales et sociales. Les uns nourrissent les autres<\/li><li>Distribuer les surplus. Sortir de la consommation syst\u00e9matique et marchande en les distribuant.<\/li><\/ul>\n\n\n\n<div class=\"wp-block-columns is-layout-flex wp-container-core-columns-is-layout-9d6595d7 wp-block-columns-is-layout-flex\">\n<div class=\"wp-block-column is-layout-flow wp-block-column-is-layout-flow\" style=\"flex-basis:100%\">\n<div class=\"wp-block-columns is-layout-flex wp-container-core-columns-is-layout-9d6595d7 wp-block-columns-is-layout-flex\">\n<div class=\"wp-block-column is-layout-flow wp-block-column-is-layout-flow\" style=\"flex-basis:100%\">\n<div class=\"wp-block-columns is-layout-flex wp-container-core-columns-is-layout-9d6595d7 wp-block-columns-is-layout-flex\">\n<div class=\"wp-block-column is-layout-flow wp-block-column-is-layout-flow\" style=\"flex-basis:100%\">\n<p class=\"has-text-align-center\">&nbsp;<\/p>\n\n\n\n<figure class=\"wp-block-image size-large\"><a href=\"http:\/\/beynesentransition.fr\/wp-content\/uploads\/2021\/03\/image-53.png\"><img loading=\"lazy\" decoding=\"async\" width=\"963\" height=\"607\" src=\"http:\/\/beynesentransition.fr\/wp-content\/uploads\/2021\/03\/image-53.png\" alt=\"\" class=\"wp-image-2058\" srcset=\"http:\/\/beynesentransition.fr\/wp-content\/uploads\/2021\/03\/image-53.png 963w, http:\/\/beynesentransition.fr\/wp-content\/uploads\/2021\/03\/image-53-300x189.png 300w, http:\/\/beynesentransition.fr\/wp-content\/uploads\/2021\/03\/image-53-768x484.png 768w\" sizes=\"auto, (max-width: 963px) 100vw, 963px\" \/><\/a><\/figure>\n\n\n\n<p><\/p>\n<\/div>\n<\/div>\n<\/div>\n<\/div>\n<\/div>\n<\/div>\n\n\n\n<p>Ce jardin ne sera pas un simple potager. Nous allons y d\u00e9velopper des carr\u00e9s pour cultiver des l\u00e9gumes, des plates-bandes comportant des fleurs mellif\u00e8res pour attirer les insectes, une zone de composteurs, ult\u00e9rieurement nous envisageons une mare qui permettra aux insectes et oiseaux de se d\u00e9salt\u00e9rer, des arbres fruitiers. Il est pr\u00e9vu de faire des nichoirs, un h\u00f4tel \u00e0 insectes.<\/p>\n\n\n\n<div class=\"wp-block-columns is-layout-flex wp-container-core-columns-is-layout-9d6595d7 wp-block-columns-is-layout-flex\">\n<div class=\"wp-block-column is-layout-flow wp-block-column-is-layout-flow\">\n<figure class=\"wp-block-image size-large\"><a href=\"http:\/\/beynesentransition.fr\/wp-content\/uploads\/2021\/03\/image-54.png\"><img loading=\"lazy\" decoding=\"async\" width=\"561\" height=\"685\" src=\"http:\/\/beynesentransition.fr\/wp-content\/uploads\/2021\/03\/image-54.png\" alt=\"\" class=\"wp-image-2059\" srcset=\"http:\/\/beynesentransition.fr\/wp-content\/uploads\/2021\/03\/image-54.png 561w, http:\/\/beynesentransition.fr\/wp-content\/uploads\/2021\/03\/image-54-246x300.png 246w\" sizes=\"auto, (max-width: 561px) 100vw, 561px\" \/><\/a><\/figure>\n<\/div>\n\n\n\n<div class=\"wp-block-column is-layout-flow wp-block-column-is-layout-flow\">\n<figure class=\"wp-block-image size-large\"><a href=\"http:\/\/beynesentransition.fr\/wp-content\/uploads\/2021\/03\/image-55.png\"><img loading=\"lazy\" decoding=\"async\" width=\"527\" height=\"634\" src=\"http:\/\/beynesentransition.fr\/wp-content\/uploads\/2021\/03\/image-55.png\" alt=\"\" class=\"wp-image-2060\" srcset=\"http:\/\/beynesentransition.fr\/wp-content\/uploads\/2021\/03\/image-55.png 527w, http:\/\/beynesentransition.fr\/wp-content\/uploads\/2021\/03\/image-55-249x300.png 249w\" sizes=\"auto, (max-width: 527px) 100vw, 527px\" \/><\/a><\/figure>\n<\/div>\n\n\n\n<div class=\"wp-block-column is-layout-flow wp-block-column-is-layout-flow\">\n<figure class=\"wp-block-image size-large\"><a href=\"http:\/\/beynesentransition.fr\/wp-content\/uploads\/2021\/03\/image-57.png\"><img loading=\"lazy\" decoding=\"async\" width=\"492\" height=\"607\" src=\"http:\/\/beynesentransition.fr\/wp-content\/uploads\/2021\/03\/image-57.png\" alt=\"\" class=\"wp-image-2062\" srcset=\"http:\/\/beynesentransition.fr\/wp-content\/uploads\/2021\/03\/image-57.png 492w, http:\/\/beynesentransition.fr\/wp-content\/uploads\/2021\/03\/image-57-243x300.png 243w\" sizes=\"auto, (max-width: 492px) 100vw, 492px\" \/><\/a><\/figure>\n<\/div>\n<\/div>\n\n\n\n<p>Le coll\u00e8ge dispose d\u2019un petit budget pour acheter du mat\u00e9riel, mais toujours dans l\u2019esprit permaculteur, nous allons solliciter les familles pour obtenir des dons de graines, de plants, d\u2019outils inutilis\u00e9s, de fumier, de paille\u2026&nbsp; Dans un second temps, nous pourrons faire nos propres graines et plants.<\/p>\n\n\n\n<p>Cet atelier est tr\u00e8s enrichissant pour tout le monde. Les \u00e9l\u00e8ves apprennent des intervenants ext\u00e9rieurs. La relation entre professeur et \u00e9l\u00e8ves est modifi\u00e9e et certains professeurs d\u00e9couvrent de nouvelles facettes des \u00e9l\u00e8ves. En tant qu\u2019intervenant ext\u00e9rieur, j\u2019ai beaucoup appris des jeunes, de leurs aspirations, des liens se cr\u00e9ent.&nbsp;&nbsp;<\/p>\n\n\n\n<p><strong>Les b\u00e9n\u00e9voles intervenants ext\u00e9rieurs sont :&nbsp;<\/strong><\/p>\n\n\n\n<p>Dominique Chaigne&nbsp;<\/p>\n\n\n\n<p>No\u00eblle Proust (BET)&nbsp;<\/p>\n\n\n\n<p>Matthias Conoy (BET)<\/p>\n\n\n\n<p>Michel Chartier (BET) &nbsp;<\/p>\n\n\n\n<p><\/p>\n\n\n\n<p class=\"has-text-align-center\"><strong>Article r\u00e9dig\u00e9 par Dominique Chaigne <\/strong><\/p>\n\n\n\n<div class=\"wp-block-columns is-layout-flex wp-container-core-columns-is-layout-9d6595d7 wp-block-columns-is-layout-flex\">\n<div class=\"wp-block-column is-layout-flow wp-block-column-is-layout-flow\">\n<div class=\"wp-block-image\"><figure class=\"aligncenter size-large is-resized\"><a href=\"http:\/\/beynesentransition.fr\/wp-content\/uploads\/2021\/03\/image-58.png\"><img loading=\"lazy\" decoding=\"async\" src=\"http:\/\/beynesentransition.fr\/wp-content\/uploads\/2021\/03\/image-58.png\" alt=\"\" class=\"wp-image-2065\" width=\"294\" height=\"344\" srcset=\"http:\/\/beynesentransition.fr\/wp-content\/uploads\/2021\/03\/image-58.png 550w, http:\/\/beynesentransition.fr\/wp-content\/uploads\/2021\/03\/image-58-256x300.png 256w\" sizes=\"auto, (max-width: 294px) 100vw, 294px\" \/><\/a><\/figure><\/div>\n<\/div>\n\n\n\n<div class=\"wp-block-column is-layout-flow wp-block-column-is-layout-flow\">\n<div class=\"wp-block-image\"><figure class=\"alignright size-large is-resized\"><a href=\"http:\/\/beynesentransition.fr\/wp-content\/uploads\/2021\/03\/image-60.png\"><img loading=\"lazy\" decoding=\"async\" src=\"http:\/\/beynesentransition.fr\/wp-content\/uploads\/2021\/03\/image-60.png\" alt=\"\" class=\"wp-image-2067\" width=\"227\" height=\"191\" srcset=\"http:\/\/beynesentransition.fr\/wp-content\/uploads\/2021\/03\/image-60.png 839w, http:\/\/beynesentransition.fr\/wp-content\/uploads\/2021\/03\/image-60-300x253.png 300w, http:\/\/beynesentransition.fr\/wp-content\/uploads\/2021\/03\/image-60-768x647.png 768w\" sizes=\"auto, (max-width: 227px) 100vw, 227px\" \/><\/a><figcaption>les premi\u00e8res fleurs &#8230; <\/figcaption><\/figure><\/div>\n<\/div>\n\n\n\n<div class=\"wp-block-column is-layout-flow wp-block-column-is-layout-flow\">\n<div class=\"wp-block-image\"><figure class=\"aligncenter size-large is-resized\"><a href=\"http:\/\/beynesentransition.fr\/wp-content\/uploads\/2021\/03\/image-61.png\"><img loading=\"lazy\" decoding=\"async\" src=\"http:\/\/beynesentransition.fr\/wp-content\/uploads\/2021\/03\/image-61-edited-1.png\" alt=\"\" class=\"wp-image-2070\" width=\"262\" height=\"348\"\/><\/a><\/figure><\/div>\n<\/div>\n<\/div>\n\n\n\n<p><\/p>\n","protected":false},"excerpt":{"rendered":"<p>A l\u2019automne 2019, Mme Harel, principale au coll\u00e8ge Fran\u00e7ois Rabelais de Beynes, nous a sollicit\u00e9 pour participer \u00e0 un atelier p\u00e9dagogique, consistant \u00e0 la cr\u00e9ation d\u2019un jardin dans le patio du coll\u00e8ge. Une premi\u00e8re r\u00e9union d\u2019initialisation du jardin avec Mme Harel, M. Riguidel gestionnaire du coll\u00e8ge, M. Charles le chef cuisinier, Mme Sophie Reuter professeur,&hellip;&nbsp;<a href=\"http:\/\/beynesentransition.fr\/?p=1723\" rel=\"bookmark\">Lire la suite &raquo;<span class=\"screen-reader-text\">Le jardin du coll\u00e8ge \u00e0 Beynes : Un atelier p\u00e9dagogique<\/span><\/a><\/p>\n","protected":false},"author":1,"featured_media":0,"comment_status":"closed","ping_status":"closed","sticky":true,"template":"","format":"standard","meta":{"neve_meta_sidebar":"","neve_meta_container":"","neve_meta_enable_content_width":"","neve_meta_content_width":0,"neve_meta_title_alignment":"","neve_meta_author_avatar":"","neve_post_elements_order":"","neve_meta_disable_header":"","neve_meta_disable_footer":"","neve_meta_disable_title":"","footnotes":""},"categories":[85],"tags":[],"class_list":["post-1723","post","type-post","status-publish","format-standard","hentry","category-potager-au-college"],"_links":{"self":[{"href":"http:\/\/beynesentransition.fr\/index.php?rest_route=\/wp\/v2\/posts\/1723","targetHints":{"allow":["GET"]}}],"collection":[{"href":"http:\/\/beynesentransition.fr\/index.php?rest_route=\/wp\/v2\/posts"}],"about":[{"href":"http:\/\/beynesentransition.fr\/index.php?rest_route=\/wp\/v2\/types\/post"}],"author":[{"embeddable":true,"href":"http:\/\/beynesentransition.fr\/index.php?rest_route=\/wp\/v2\/users\/1"}],"replies":[{"embeddable":true,"href":"http:\/\/beynesentransition.fr\/index.php?rest_route=%2Fwp%2Fv2%2Fcomments&post=1723"}],"version-history":[{"count":9,"href":"http:\/\/beynesentransition.fr\/index.php?rest_route=\/wp\/v2\/posts\/1723\/revisions"}],"predecessor-version":[{"id":2071,"href":"http:\/\/beynesentransition.fr\/index.php?rest_route=\/wp\/v2\/posts\/1723\/revisions\/2071"}],"wp:attachment":[{"href":"http:\/\/beynesentransition.fr\/index.php?rest_route=%2Fwp%2Fv2%2Fmedia&parent=1723"}],"wp:term":[{"taxonomy":"category","embeddable":true,"href":"http:\/\/beynesentransition.fr\/index.php?rest_route=%2Fwp%2Fv2%2Fcategories&post=1723"},{"taxonomy":"post_tag","embeddable":true,"href":"http:\/\/beynesentransition.fr\/index.php?rest_route=%2Fwp%2Fv2%2Ftags&post=1723"}],"curies":[{"name":"wp","href":"https:\/\/api.w.org\/{rel}","templated":true}]}}